{"id":1584,"date":"2020-12-04T12:28:10","date_gmt":"2020-12-04T11:28:10","guid":{"rendered":"https:\/\/www.soweb.io\/?p=1584"},"modified":"2020-12-15T09:06:39","modified_gmt":"2020-12-15T08:06:39","slug":"digitalisation","status":"publish","type":"post","link":"https:\/\/www.soweb.io\/en\/digitalisation\/","title":{"rendered":"Digitalisation au temps du confinement"},"content":{"rendered":"<div data-elementor-type=\"wp-post\" data-elementor-id=\"1584\" class=\"elementor elementor-1584\" data-elementor-post-type=\"post\">\n\t\t\t\t\t\t<section class=\"elementor-section elementor-top-section elementor-element elementor-element-206071d elementor-section-boxed elementor-section-height-default elementor-section-height-default\" data-id=\"206071d\" data-element_type=\"section\" data-e-type=\"section\">\n\t\t\t\t\t\t<div class=\"elementor-container elementor-column-gap-default\">\n\t\t\t\t\t<div class=\"elementor-column elementor-col-100 elementor-top-column elementor-element elementor-element-0e078bc\" data-id=\"0e078bc\" data-element_type=\"column\" data-e-type=\"column\">\n\t\t\t<div class=\"elementor-widget-wrap elementor-element-populated\">\n\t\t\t\t\t\t<div class=\"elementor-element elementor-element-75b0250 elementor-widget elementor-widget-heading\" data-id=\"75b0250\" data-element_type=\"widget\" data-e-type=\"widget\" data-widget_type=\"heading.default\">\n\t\t\t\t<div class=\"elementor-widget-container\">\n\t\t\t\t\t<h2 class=\"elementor-heading-title elementor-size-default\">Digitalisation de votre entreprise au temps du confinement<\/h2>\t\t\t\t<\/div>\n\t\t\t\t<\/div>\n\t\t\t\t<div class=\"elementor-element elementor-element-80dd1b9 elementor-widget elementor-widget-text-editor\" data-id=\"80dd1b9\" data-element_type=\"widget\" data-e-type=\"widget\" data-widget_type=\"text-editor.default\">\n\t\t\t\t<div class=\"elementor-widget-container\">\n\t\t\t\t\t\t\t\t\t<p>Comment\u00a0 r\u00e9ussir votre <strong>d\u00e9ploiement web<\/strong> durant cette p\u00e9riode in\u00e9dite et <strong>digitaliser<\/strong> votre<strong> activit\u00e9<\/strong>\u00a0 ? L&rsquo;anticipation est la cl\u00e9 du succ\u00e8s.<\/p><p>Vous avez cr\u00e9\u00e9 votre outil de production, vous \u00eates \u00e0 l&rsquo;origine de votre commerce, votre entreprise est bien essentielle \u00e0 votre survie \u00e9conomique, tout autant qu&rsquo;elle est appr\u00e9ci\u00e9e par vos clients.<\/p><p>Vos clients veulent continuer \u00e0 travailler avec vous. Offrez-leurs de <strong>nouveaux canaux de distribution<\/strong> et reprenez le contr\u00f4le de votre <strong>relation client<\/strong> pour restaurer votre chiffre d&rsquo;affaire.<\/p>\t\t\t\t\t\t\t\t<\/div>\n\t\t\t\t<\/div>\n\t\t\t\t\t<\/div>\n\t\t<\/div>\n\t\t\t\t\t<\/div>\n\t\t<\/section>\n\t\t\t\t<section class=\"elementor-section elementor-top-section elementor-element elementor-element-5b7d6e3 elementor-section-boxed elementor-section-height-default elementor-section-height-default\" data-id=\"5b7d6e3\" data-element_type=\"section\" data-e-type=\"section\" data-settings=\"{&quot;background_background&quot;:&quot;classic&quot;}\">\n\t\t\t\t\t\t<div class=\"elementor-container elementor-column-gap-default\">\n\t\t\t\t\t<div class=\"elementor-column elementor-col-100 elementor-top-column elementor-element elementor-element-4a55990\" data-id=\"4a55990\" data-element_type=\"column\" data-e-type=\"column\">\n\t\t\t<div class=\"elementor-widget-wrap elementor-element-populated\">\n\t\t\t\t\t\t<div class=\"elementor-element elementor-element-8dcd14f elementor-widget elementor-widget-heading\" data-id=\"8dcd14f\" data-element_type=\"widget\" data-e-type=\"widget\" data-widget_type=\"heading.default\">\n\t\t\t\t<div class=\"elementor-widget-container\">\n\t\t\t\t\t<h2 class=\"elementor-heading-title elementor-size-default\">Qu\u2019est-ce que la digitalisation\u00a0?<\/h2>\t\t\t\t<\/div>\n\t\t\t\t<\/div>\n\t\t\t\t<div class=\"elementor-element elementor-element-6ee8c17 elementor-widget elementor-widget-text-editor\" data-id=\"6ee8c17\" data-element_type=\"widget\" data-e-type=\"widget\" data-widget_type=\"text-editor.default\">\n\t\t\t\t<div class=\"elementor-widget-container\">\n\t\t\t\t\t\t\t\t\t<p>La <strong>digitalisation<\/strong> se traduit par un virage num\u00e9rique de l\u2019<strong>ensemble des strat\u00e9gies internes et externes de l\u2019entreprise<\/strong>. La mise en place d\u2019outils permet de rester connect\u00e9, de gagner du temps, de continuer d\u2019avoir une coh\u00e9sion de groupe face aux difficult\u00e9s.<\/p><p>Cette transformation digitale d\u00e9coule de l\u2019informatisation et notamment du d\u00e9veloppement d\u2019internet. Dans ce contexte particulier, il faut \u00eatre form\u00e9 aux usages des outils&#8230; Nous abordons dans cet article, la question de la digitalisation des entreprises et pourquoi elle doit devenir l\u2019une de vos principales pr\u00e9occupations.<\/p>\t\t\t\t\t\t\t\t<\/div>\n\t\t\t\t<\/div>\n\t\t\t\t<div class=\"elementor-element elementor-element-bf428a3 elementor-widget elementor-widget-image\" data-id=\"bf428a3\" data-element_type=\"widget\" data-e-type=\"widget\" data-widget_type=\"image.default\">\n\t\t\t\t<div class=\"elementor-widget-container\">\n\t\t\t\t\t\t\t\t\t\t\t\t\t\t\t<img fetchpriority=\"high\" decoding=\"async\" width=\"500\" height=\"333\" src=\"https:\/\/www.soweb.io\/wp-content\/uploads\/sow-ldd-logo_digitalisation_500x333web.jpg\" class=\"attachment-large size-large wp-image-2117\" alt=\"digitalisation soci\u00e9t\u00e9\" \/>\t\t\t\t\t\t\t\t\t\t\t\t\t\t\t<\/div>\n\t\t\t\t<\/div>\n\t\t\t\t<div class=\"elementor-element elementor-element-fa5b703 elementor-widget elementor-widget-text-editor\" data-id=\"fa5b703\" data-element_type=\"widget\" data-e-type=\"widget\" data-widget_type=\"text-editor.default\">\n\t\t\t\t<div class=\"elementor-widget-container\">\n\t\t\t\t\t\t\t\t\t<div class=\"level__left\"><div class=\"level__item\"><div class=\"js-copy-attribute-content photo-page__adp-cta__container__attribution\"><em>Photo by <a href=\"https:\/\/www.pexels.com\/@shvetsa?utm_content=attributionCopyText&amp;utm_medium=referral&amp;utm_source=pexels\">Anna Shvets<\/a> from <\/em><a href=\"https:\/\/www.pexels.com\/photo\/people-on-a-video-call-4226256\/?utm_content=attributionCopyText&amp;utm_medium=referral&amp;utm_source=pexels\"><em>Pexels<\/em><\/a><\/div><\/div><\/div>\t\t\t\t\t\t\t\t<\/div>\n\t\t\t\t<\/div>\n\t\t\t\t\t<\/div>\n\t\t<\/div>\n\t\t\t\t\t<\/div>\n\t\t<\/section>\n\t\t\t\t<section class=\"elementor-section elementor-top-section elementor-element elementor-element-6f7690d elementor-section-boxed elementor-section-height-default elementor-section-height-default\" data-id=\"6f7690d\" data-element_type=\"section\" data-e-type=\"section\">\n\t\t\t\t\t\t<div class=\"elementor-container elementor-column-gap-default\">\n\t\t\t\t\t<div class=\"elementor-column elementor-col-100 elementor-top-column elementor-element elementor-element-add796b\" data-id=\"add796b\" data-element_type=\"column\" data-e-type=\"column\">\n\t\t\t<div class=\"elementor-widget-wrap elementor-element-populated\">\n\t\t\t\t\t\t<div class=\"elementor-element elementor-element-76704db elementor-widget elementor-widget-heading\" data-id=\"76704db\" data-element_type=\"widget\" data-e-type=\"widget\" data-widget_type=\"heading.default\">\n\t\t\t\t<div class=\"elementor-widget-container\">\n\t\t\t\t\t<h2 class=\"elementor-heading-title elementor-size-default\">Quel est l\u2019int\u00e9r\u00eat d\u2019\u00eatre pr\u00e9sent sur le web&nbsp;?<\/h2>\t\t\t\t<\/div>\n\t\t\t\t<\/div>\n\t\t\t\t<div class=\"elementor-element elementor-element-d067077 elementor-widget elementor-widget-heading\" data-id=\"d067077\" data-element_type=\"widget\" data-e-type=\"widget\" data-widget_type=\"heading.default\">\n\t\t\t\t<div class=\"elementor-widget-container\">\n\t\t\t\t\t<h2 class=\"elementor-heading-title elementor-size-default\">D\u00e9ployer son activit\u00e9 en ligne<\/h2>\t\t\t\t<\/div>\n\t\t\t\t<\/div>\n\t\t\t\t<div class=\"elementor-element elementor-element-fb00c14 elementor-widget elementor-widget-text-editor\" data-id=\"fb00c14\" data-element_type=\"widget\" data-e-type=\"widget\" data-widget_type=\"text-editor.default\">\n\t\t\t\t<div class=\"elementor-widget-container\">\n\t\t\t\t\t\t\t\t\t<p>Les<strong> entreprises<\/strong> d\u00e9j\u00e0 <strong>digitalis\u00e9es<\/strong> ont \u00e9t\u00e9 sensiblement moins impact\u00e9es par le premier confinement que leurs cons\u0153urs. Les professionnels ont ressenti la <strong>n\u00e9cessit\u00e9 d\u2019\u00eatre pr\u00e9sent sur le web\u00a0<\/strong>: <strong>cr\u00e9ation<\/strong> de son<strong> site internet<\/strong>, ajout d\u2019un module e-commerce, mise en place d\u2019une petite <strong>boutique en ligne<\/strong> sur Facebook ou Google\u2026 Pour ceux d\u00e9j\u00e0 mieux \u00ab\u00a0install\u00e9s\u00a0\u00bb sur<strong> la toile<\/strong>, les enjeux sont diff\u00e9rents. Ils ont pour objectif d\u2019<strong>accro\u00eetre leur visibilit\u00e9<\/strong> et de continuer le <strong>d\u00e9veloppement des ventes en ligne<\/strong>.<\/p><p>En 2020, seulement une TPE sur trois a un <strong>site internet<\/strong>. Aujourd\u2019hui, gr\u00e2ce aux <strong>professionnels du web<\/strong>,<strong> le num\u00e9rique<\/strong> est \u00e0 la port\u00e9e de toutes les entreprises. Toutefois, il est utopique de croire que l\u2019on peut y arriver sans une solide<strong> formation web<\/strong>\u2026 En effet, la cr\u00e9ation d\u2019un <strong>site web professionnel<\/strong> et le <strong>r\u00e9f\u00e9rencement<\/strong> de ce dernier doivent respecter des r\u00e8gles pr\u00e9cises, nombreuses et complexes.<\/p>\t\t\t\t\t\t\t\t<\/div>\n\t\t\t\t<\/div>\n\t\t\t\t<div class=\"elementor-element elementor-element-3cb4a7b elementor-widget elementor-widget-heading\" data-id=\"3cb4a7b\" data-element_type=\"widget\" data-e-type=\"widget\" data-widget_type=\"heading.default\">\n\t\t\t\t<div class=\"elementor-widget-container\">\n\t\t\t\t\t<h2 class=\"elementor-heading-title elementor-size-default\">\u00catre la r\u00e9ponse des moteurs de recherches<\/h2>\t\t\t\t<\/div>\n\t\t\t\t<\/div>\n\t\t\t\t<div class=\"elementor-element elementor-element-6571e4d elementor-widget elementor-widget-text-editor\" data-id=\"6571e4d\" data-element_type=\"widget\" data-e-type=\"widget\" data-widget_type=\"text-editor.default\">\n\t\t\t\t<div class=\"elementor-widget-container\">\n\t\t\t\t\t\t\t\t\t<div>Pour avoir de la visite, vous devez \u00eatre visible et ressortir dans les <strong>r\u00e9ponses Google<\/strong> et pour appara\u00eetre dans les r\u00e9sultats de recherche, l\u2019<strong>\u00e9criture SEO<\/strong> est indispensable. Le <strong>site est votre vitrine<\/strong> et pr\u00e9sente vos caract\u00e9ristiques propres, vos services et produits, vos tarifs\u2026<\/div>\t\t\t\t\t\t\t\t<\/div>\n\t\t\t\t<\/div>\n\t\t\t\t<div class=\"elementor-element elementor-element-6af9776 elementor-widget elementor-widget-heading\" data-id=\"6af9776\" data-element_type=\"widget\" data-e-type=\"widget\" data-widget_type=\"heading.default\">\n\t\t\t\t<div class=\"elementor-widget-container\">\n\t\t\t\t\t<h2 class=\"elementor-heading-title elementor-size-default\"> Faire conna\u00eetre votre entreprise sur internet<\/h2>\t\t\t\t<\/div>\n\t\t\t\t<\/div>\n\t\t\t\t<div class=\"elementor-element elementor-element-9e988fd elementor-widget elementor-widget-text-editor\" data-id=\"9e988fd\" data-element_type=\"widget\" data-e-type=\"widget\" data-widget_type=\"text-editor.default\">\n\t\t\t\t<div class=\"elementor-widget-container\">\n\t\t\t\t\t\t\t\t\t<p>Si vous \u00eates dans un univers tr\u00e8s concurrentiel et si le <strong>travail SEO<\/strong> n\u2019est pas suffisamment <strong>optimis\u00e9<\/strong>, vous pouvez opter pour des <strong>publicit\u00e9s cibl\u00e9es<\/strong>. Si les investissements en mati\u00e8re de publicit\u00e9 ont tendance \u00e0 chuter ces derni\u00e8res ann\u00e9es, ce n\u2019est pas le cas de la <strong>publicit\u00e9 digitale<\/strong> avec en t\u00eate le leader Google et sa r\u00e9gie publicitaire <strong>Google Ads.<\/strong><\/p><p>Mais quels sont les int\u00e9r\u00eats des <strong>publicit\u00e9s internet<\/strong>\u00a0? Concr\u00e8tement, elles vous permettent de vous faire conna\u00eetre aupr\u00e8s d\u2019une client\u00e8le plus large et ainsi d\u2019augmenter vos ventes. \u00c0 vous ou \u00e0 votre <strong>agence web<\/strong> de choisir quels crit\u00e8res retenir pour votre communication \u00a0: crit\u00e8res d\u00e9mographiques, g\u00e9ographiques, comportementaux&#8230; Le ROI (retour sur investissement), n\u2019a jamais \u00e9t\u00e9 aussi facile \u00e0 calculer et vous saurez rapidement si votre campagne a \u00e9t\u00e9 rentable.<\/p>\t\t\t\t\t\t\t\t<\/div>\n\t\t\t\t<\/div>\n\t\t\t\t<div class=\"elementor-element elementor-element-c91a8ae elementor-widget elementor-widget-heading\" data-id=\"c91a8ae\" data-element_type=\"widget\" data-e-type=\"widget\" data-widget_type=\"heading.default\">\n\t\t\t\t<div class=\"elementor-widget-container\">\n\t\t\t\t\t<h2 class=\"elementor-heading-title elementor-size-default\">Publicit\u00e9 en ligne <\/h2>\t\t\t\t<\/div>\n\t\t\t\t<\/div>\n\t\t\t\t<div class=\"elementor-element elementor-element-03b11f6 elementor-widget elementor-widget-text-editor\" data-id=\"03b11f6\" data-element_type=\"widget\" data-e-type=\"widget\" data-widget_type=\"text-editor.default\">\n\t\t\t\t<div class=\"elementor-widget-container\">\n\t\t\t\t\t\t\t\t\t<div>En collectant les donn\u00e9es de vos visiteurs, additionn\u00e9es aux outils d\u2019analyse, vous saurez exactement ce que vos clients attendent de vous et comment r\u00e9pondre \u00e0 leurs attentes. <strong>Google Ads<\/strong> propose un mode simplifi\u00e9, vous permettant de faire une campagne en suivant les directives Google, et un mode Expert, n\u00e9cessitant une ma\u00eetrise beaucoup plus approfondie de l\u2019utilisation du service. Il serait hasardeux pour un n\u00e9ophyte de passer par le mode expert.<\/div>\t\t\t\t\t\t\t\t<\/div>\n\t\t\t\t<\/div>\n\t\t\t\t<div class=\"elementor-element elementor-element-ea846c8 elementor-widget elementor-widget-heading\" data-id=\"ea846c8\" data-element_type=\"widget\" data-e-type=\"widget\" data-widget_type=\"heading.default\">\n\t\t\t\t<div class=\"elementor-widget-container\">\n\t\t\t\t\t<h2 class=\"elementor-heading-title elementor-size-default\">Pourquoi cr\u00e9er un site e-commerce\u00a0?<\/h2>\t\t\t\t<\/div>\n\t\t\t\t<\/div>\n\t\t\t\t<div class=\"elementor-element elementor-element-2130465 elementor-widget elementor-widget-text-editor\" data-id=\"2130465\" data-element_type=\"widget\" data-e-type=\"widget\" data-widget_type=\"text-editor.default\">\n\t\t\t\t<div class=\"elementor-widget-container\">\n\t\t\t\t\t\t\t\t\t<p>La croissance de l\u2019e-commerce en France<\/p><p style=\"margin-bottom: 0cm;\" align=\"justify\">La <strong>commande en ligne<\/strong> a fait ses d\u00e9buts sur le minitel. Elle existe depuis presque 40 ans et s\u2019est d\u00e9velopp\u00e9e avec internet. En mars 2020, le confinement a intensifi\u00e9 le recours aux <strong>sites e-commerce<\/strong> pour effectuer les achats.<\/p><p style=\"margin-bottom: 0cm;\" align=\"justify\">Selon la <span style=\"color: #1155cc;\"><a href=\"https:\/\/www.fevad.com\/wp-content\/uploads\/2020\/07\/FEVAD-RA-2020-CHIFFRES-CL%C3%89S-V7-min.pdf\">Fevad<\/a><\/span>\u00a0 chiffre cl\u00e9 e-commerce (<i>f\u00e9d\u00e9ration e-commerce et vente \u00e0 distance<\/i>)\u00a0:<\/p><ul><li><p style=\"margin-bottom: 0cm;\" align=\"justify\">L\u2019<span style=\"color: #1b1b1b;\"><b>e-commerce<\/b><\/span><b> <\/b>touche 41 millions de Fran\u00e7ais<\/p><\/li><li><p style=\"margin-bottom: 0cm;\" align=\"justify\">Il est fort de 200\u00a0000<span style=\"color: #1b1b1b;\"><b> boutiques en ligne<\/b><\/span><\/p><\/li><li><p style=\"margin-bottom: 0cm;\" align=\"justify\">Son chiffre d\u2019affaires est estim\u00e9 \u00e0 115 milliards d\u2019euros en 2020 alors qu\u2019il s\u2019\u00e9levait \u00e0 103,4 milliards d\u2019euros en 2019, une augmentation de plus de 11,5 %\u00a0!<\/p><\/li><\/ul><p>\u00a0<\/p><p><style type=\"text\/css\">\n\t\tp { margin-bottom: 0.25cm; line-height: 115% }<br \/>\t\ta:link { so-language: zxx }<\/style><\/p>\t\t\t\t\t\t\t\t<\/div>\n\t\t\t\t<\/div>\n\t\t\t\t<div class=\"elementor-element elementor-element-b07bffb elementor-widget elementor-widget-heading\" data-id=\"b07bffb\" data-element_type=\"widget\" data-e-type=\"widget\" data-widget_type=\"heading.default\">\n\t\t\t\t<div class=\"elementor-widget-container\">\n\t\t\t\t\t<h2 class=\"elementor-heading-title elementor-size-default\">Comportement d'achat de l'internaute<\/h2>\t\t\t\t<\/div>\n\t\t\t\t<\/div>\n\t\t\t\t<div class=\"elementor-element elementor-element-5e892c8 elementor-widget elementor-widget-text-editor\" data-id=\"5e892c8\" data-element_type=\"widget\" data-e-type=\"widget\" data-widget_type=\"text-editor.default\">\n\t\t\t\t<div class=\"elementor-widget-container\">\n\t\t\t\t\t\t\t\t\t<p align=\"justify\">Cette crise sanitaire a chang\u00e9 nos <b>comportements d\u2019achat. <\/b>Il semble que cette tendance ne soit pas juste ponctuelle. En effet, si ces commandes se sont renforc\u00e9es de mars \u00e0 mai, elles ont continu\u00e9 \u00e0 s\u2019accentuer durant la p\u00e9riode de \u00ab\u00a0d\u00e9confinement\u00a0\u00bb.<\/p><p align=\"justify\">Les <b>achats en ligne<\/b> vont peut-\u00eatre se poursuivre pour les f\u00eates de fin d\u2019ann\u00e9e.<\/p><ul><li>62% des Fran\u00e7ais comptent effectuer leurs<strong> achats de No\u00ebl sur le net<\/strong>.<\/li><li>4 personnes sur 10, \u00e2g\u00e9es de 55 \u00e0 64 ans, d\u00e9clarent qu\u2019elles feront plus d\u2019<b>achat <\/b><b>sur internet <\/b>\u00e0 l\u2019avenir.<\/li><\/ul>\t\t\t\t\t\t\t\t<\/div>\n\t\t\t\t<\/div>\n\t\t\t\t<div class=\"elementor-element elementor-element-736d348 elementor-widget elementor-widget-heading\" data-id=\"736d348\" data-element_type=\"widget\" data-e-type=\"widget\" data-widget_type=\"heading.default\">\n\t\t\t\t<div class=\"elementor-widget-container\">\n\t\t\t\t\t<h2 class=\"elementor-heading-title elementor-size-default\">\nCr\u00e9er votre plateforme d\u2019e-commerce<\/h2>\t\t\t\t<\/div>\n\t\t\t\t<\/div>\n\t\t\t\t<div class=\"elementor-element elementor-element-44a6b23 elementor-widget elementor-widget-text-editor\" data-id=\"44a6b23\" data-element_type=\"widget\" data-e-type=\"widget\" data-widget_type=\"text-editor.default\">\n\t\t\t\t<div class=\"elementor-widget-container\">\n\t\t\t\t\t\t\t\t\t<p align=\"justify\">Est-il sage d\u2019h\u00e9siter encore\u00a0? En compl\u00e9ment de vos <b>ventes physiques<\/b>, votre <b>site d\u2019e-commerce<\/b> vous permet d &lsquo;<strong>accro\u00eetre votre visibilit\u00e9 sur internet<\/strong>. Ainsi, il permet de <strong>booster vos ventes<\/strong>.\u00a0 \u00c0 contrario d\u2019un commerce physique, votre <strong>site d\u2019e-commerce<\/strong> est accessible partout dans le monde, \u00e0 toute heure du jour et de la nuit. Un vrai plus pour acqu\u00e9rir de nouveaux clients, mais \u00e9galement pour pouvoir continuer votre activit\u00e9 dans des contextes de restriction de mouvements. \u00c0 ce jour, nous devons tous anticiper des situations de nouveaux confinements&#8230;<\/p><p align=\"justify\">En moyenne, (<i>dans un contexte connu, hors crise sanitaire&#8230;<\/i>), un <b>site d\u2019e-commerce<\/b> permet une <strong>augmentation du chiffre d&rsquo;affaires <\/strong>de 14%. (cf. Fevad).<\/p><p align=\"justify\">\u00a0<\/p>\t\t\t\t\t\t\t\t<\/div>\n\t\t\t\t<\/div>\n\t\t\t\t<div class=\"elementor-element elementor-element-78845d5 elementor-widget elementor-widget-heading\" data-id=\"78845d5\" data-element_type=\"widget\" data-e-type=\"widget\" data-widget_type=\"heading.default\">\n\t\t\t\t<div class=\"elementor-widget-container\">\n\t\t\t\t\t<h2 class=\"elementor-heading-title elementor-size-default\">Cr\u00e9er un site internet <\/h2>\t\t\t\t<\/div>\n\t\t\t\t<\/div>\n\t\t\t\t<div class=\"elementor-element elementor-element-a4b01f2 elementor-widget elementor-widget-text-editor\" data-id=\"a4b01f2\" data-element_type=\"widget\" data-e-type=\"widget\" data-widget_type=\"text-editor.default\">\n\t\t\t\t<div class=\"elementor-widget-container\">\n\t\t\t\t\t\t\t\t\t<p>La cr\u00e9ation d\u2019un <b>site internet d\u2019e-commerce<\/b> <b>de qualit\u00e9 <\/b>n\u2019est pas \u00e0 la port\u00e9e d\u2019un amateur, m\u00eame anim\u00e9 de la meilleure volont\u00e9. Certaines plateformes vous laissent croire qu\u2019il vous suffit de mettre en ligne des photos et des textes pour atteindre vos objectifs.<br \/>La r\u00e9alisation de <b>sites web et e-commerce est un m\u00e9tier<\/b>. Nous sommes form\u00e9s aux techniques de cette activit\u00e9. L\u2019exp\u00e9rience des collaborateurs se cumule en dizaines d\u2019ann\u00e9es, chacun avec une expertise particuli\u00e8re en <strong>marketing digital<\/strong>, <strong>design<\/strong>, <strong>codage<\/strong>, <strong>r\u00e9dactionnel SEO<\/strong>, newsletters et infrastructure des serveurs\u2026.<\/p>\t\t\t\t\t\t\t\t<\/div>\n\t\t\t\t<\/div>\n\t\t\t\t\t<\/div>\n\t\t<\/div>\n\t\t\t\t\t<\/div>\n\t\t<\/section>\n\t\t\t\t<section class=\"elementor-section elementor-top-section elementor-element elementor-element-ae79849 elementor-section-boxed elementor-section-height-default elementor-section-height-default\" data-id=\"ae79849\" data-element_type=\"section\" data-e-type=\"section\">\n\t\t\t\t\t\t<div class=\"elementor-container elementor-column-gap-default\">\n\t\t\t\t\t<div class=\"elementor-column elementor-col-100 elementor-top-column elementor-element elementor-element-3f82923\" data-id=\"3f82923\" data-element_type=\"column\" data-e-type=\"column\">\n\t\t\t<div class=\"elementor-widget-wrap elementor-element-populated\">\n\t\t\t\t\t\t<div class=\"elementor-element elementor-element-14aa052 elementor-widget elementor-widget-heading\" data-id=\"14aa052\" data-element_type=\"widget\" data-e-type=\"widget\" data-widget_type=\"heading.default\">\n\t\t\t\t<div class=\"elementor-widget-container\">\n\t\t\t\t\t<h2 class=\"elementor-heading-title elementor-size-default\">L\u2019importance de la pr\u00e9sence sur les r\u00e9seaux sociaux<\/h2>\t\t\t\t<\/div>\n\t\t\t\t<\/div>\n\t\t\t\t<div class=\"elementor-element elementor-element-f8e6ae6 elementor-widget elementor-widget-text-editor\" data-id=\"f8e6ae6\" data-element_type=\"widget\" data-e-type=\"widget\" data-widget_type=\"text-editor.default\">\n\t\t\t\t<div class=\"elementor-widget-container\">\n\t\t\t\t\t\t\t\t\t<p><strong>L\u2019essor des r\u00e9seaux sociaux<\/strong> en p\u00e9riode de confinement.<\/p><p>Pour <strong>accro\u00eetre la visibilit\u00e9<\/strong> de votre <strong>vitrine en ligne<\/strong>, \u00eatre pr\u00e9sent sur les<strong> r\u00e9seaux sociaux<\/strong> est une des<a href=\"https:\/\/www.soweb.io\/marketing-de-contenu\/\"><strong> strat\u00e9gies de communication<\/strong><\/a> \u00e0 favoriser.<\/p><p>D\u2019apr\u00e8s les derni\u00e8res \u00e9tudes de \u00ab We Are Social \u00bb et \u00ab Hootsuite \u00bb, le nombre d\u2019utilisateurs des r\u00e9seaux aurait atteint :<\/p><ul><li>3,96 milliards d\u00e9but juillet 2020<\/li><li>soit 51,43 % de la population mondiale <em>(7,7 milliards d\u2019habitants au 1er janvier 2020<\/em>).<\/li><\/ul><p>Sans grande surprise, les mesures de confinement augmenteraient l\u2019utilisation des <strong>m\u00e9dias sociaux<\/strong> puisque plus d\u2019un million d\u2019utilisateurs ont commenc\u00e9 \u00e0 s\u2019y rendre pour la premi\u00e8re fois, chaque jour, durant les 12 derniers mois.<\/p><p>Dans un contexte de \u00ab pand\u00e9mie \u00bb ou de probl\u00e9matiques mondiales et d\u2019une limitation de libert\u00e9 de d\u00e9placement, les<strong> internautes<\/strong> ressentent de plus en plus le besoin de se <strong>connecter et d\u2019\u00e9changer sur les plateformes<\/strong>. Votre marque doit \u00eatre visible dans les nouvelles avenues virtuelles &#8230;En fonction de votre secteur d\u2019activit\u00e9, vous retiendrez Linkedin, Facebook, Twitter, Instagram, ou pourquoi pas Tik-Tok ?<\/p>\t\t\t\t\t\t\t\t<\/div>\n\t\t\t\t<\/div>\n\t\t\t\t\t<\/div>\n\t\t<\/div>\n\t\t\t\t\t<\/div>\n\t\t<\/section>\n\t\t\t\t<section class=\"elementor-section elementor-top-section elementor-element elementor-element-fcbd26f elementor-section-boxed elementor-section-height-default elementor-section-height-default\" data-id=\"fcbd26f\" data-element_type=\"section\" data-e-type=\"section\">\n\t\t\t\t\t\t<div class=\"elementor-container elementor-column-gap-default\">\n\t\t\t\t\t<div class=\"elementor-column elementor-col-100 elementor-top-column elementor-element elementor-element-35b2414\" data-id=\"35b2414\" data-element_type=\"column\" data-e-type=\"column\">\n\t\t\t<div class=\"elementor-widget-wrap elementor-element-populated\">\n\t\t\t\t\t\t<div class=\"elementor-element elementor-element-4cda181 elementor-widget elementor-widget-heading\" data-id=\"4cda181\" data-element_type=\"widget\" data-e-type=\"widget\" data-widget_type=\"heading.default\">\n\t\t\t\t<div class=\"elementor-widget-container\">\n\t\t\t\t\t<h2 class=\"elementor-heading-title elementor-size-default\">\nPr\u00e9sence de votre entreprise sur les r\u00e9seaux sociaux <\/h2>\t\t\t\t<\/div>\n\t\t\t\t<\/div>\n\t\t\t\t<div class=\"elementor-element elementor-element-d0f720c elementor-widget elementor-widget-text-editor\" data-id=\"d0f720c\" data-element_type=\"widget\" data-e-type=\"widget\" data-widget_type=\"text-editor.default\">\n\t\t\t\t<div class=\"elementor-widget-container\">\n\t\t\t\t\t\t\t\t\t<p>Grande gagnante de 2020, la <strong>publicit\u00e9 en ligne<\/strong> sur les r\u00e9seaux sociaux. En effet, elle est en hausse de 9,8%\u00a0! De la m\u00eame fa\u00e7on que pour les <strong>sites interne<\/strong>t, la <strong>publicit\u00e9 cibl\u00e9e<\/strong> sur les <strong>m\u00e9dias sociaux<\/strong> vous aidera \u00e0 \u00e9largir votre client\u00e8le.<\/p><p>La publicit\u00e9 sur les r\u00e9seaux est plus pr\u00e9cise et les formats publicitaires propos\u00e9s sont plus vari\u00e9s\u00a0: textes, de photos, de vid\u00e9os, sondage&#8230;Vous pouvez <strong>promouvoir<\/strong> votre <strong>marque<\/strong>, pr\u00e9senter les avantages de vos services ou les bienfaits de vos produits et diriger votre prospect vers votre site internet.<\/p><p>\u00a0<\/p>\t\t\t\t\t\t\t\t<\/div>\n\t\t\t\t<\/div>\n\t\t\t\t<div class=\"elementor-element elementor-element-9d27d9d elementor-widget elementor-widget-heading\" data-id=\"9d27d9d\" data-element_type=\"widget\" data-e-type=\"widget\" data-widget_type=\"heading.default\">\n\t\t\t\t<div class=\"elementor-widget-container\">\n\t\t\t\t\t<h2 class=\"elementor-heading-title elementor-size-default\">R\u00f4le des r\u00e9seaux sociaux ? <\/h2>\t\t\t\t<\/div>\n\t\t\t\t<\/div>\n\t\t\t\t<div class=\"elementor-element elementor-element-c287031 elementor-widget elementor-widget-text-editor\" data-id=\"c287031\" data-element_type=\"widget\" data-e-type=\"widget\" data-widget_type=\"text-editor.default\">\n\t\t\t\t<div class=\"elementor-widget-container\">\n\t\t\t\t\t\t\t\t\t<p>Le <strong>r\u00f4le des r\u00e9seaux sociaux<\/strong> n\u2019est plus seulement \u00ab communautaire \u00bb. Ils peuvent \u00eatre \u00e9galement vecteurs d\u2019achat. Depuis quelques ann\u00e9es, Facebook, Twitter &amp; Instagram ont int\u00e9gr\u00e9 des onglets \u201cBoutique\u201d \u00e0 leurs plateformes. Les produits apparaissent sur une publication et il suffit de cliquer dessus pour<strong> passer commande<\/strong> directement sur la plateforme ou pour \u00eatre redirig\u00e9 vers le site internet de la marque. M\u00eame si le <strong>canal des r\u00e9seaux sociaux<\/strong> n\u2019est pas le premier canal d\u2019achat, vous devriez le consid\u00e9rer. C\u2019est un outil qui doit prendre de l\u2019ampleur dans les ann\u00e9es \u00e0 venir.<\/p>\t\t\t\t\t\t\t\t<\/div>\n\t\t\t\t<\/div>\n\t\t\t\t<div class=\"elementor-element elementor-element-dc2ca4f elementor-widget elementor-widget-heading\" data-id=\"dc2ca4f\" data-element_type=\"widget\" data-e-type=\"widget\" data-widget_type=\"heading.default\">\n\t\t\t\t<div class=\"elementor-widget-container\">\n\t\t\t\t\t<h2 class=\"elementor-heading-title elementor-size-default\">Comment financer votre strat\u00e9gie digitale\u00a0?<\/h2>\t\t\t\t<\/div>\n\t\t\t\t<\/div>\n\t\t\t\t<div class=\"elementor-element elementor-element-145db0d elementor-widget elementor-widget-text-editor\" data-id=\"145db0d\" data-element_type=\"widget\" data-e-type=\"widget\" data-widget_type=\"text-editor.default\">\n\t\t\t\t<div class=\"elementor-widget-container\">\n\t\t\t\t\t\t\t\t\t<p>Vous n\u2019avez pas la notion des co\u00fbts d&rsquo;une <strong>strat\u00e9gie digitale<\/strong> performante ? <br \/>L&rsquo;\u00c9tat pr\u00e9voit d\u2019investir pr\u00e8s de 2,3 milliards d\u2019euros et a mis en place \u00ab France Num \u00bb, proposant diff\u00e9rentes <strong>aides pour accompagner la transition num\u00e9rique des PME.<\/strong><\/p><p>Gr\u00e2ce \u00e0 cette initiative gouvernementale vous pouvez b\u00e9n\u00e9ficier de conseils de professionnels, de ressources, et des aides au financement pour votre projet. Le programme est construit avec \u00ab\u00a0R\u00e9gions de France\u00a0\u00bb, les accompagnements varient donc en fonction de votre r\u00e9gion.<\/p><p>Vous pouvez retrouver toutes les<a href=\"https:\/\/www.francenum.gouv.fr\" target=\"_blank\" rel=\"noopener\"> informations<\/a> dont vous avez besoin et dont l\u2019objectif est de renforcer les startups fran\u00e7aises (la fameuse startup Nation !) dans une crise que ne traversent pas les GAFAM (Google, Amazon, Facebook, Apple, Microsoft).<\/p>\t\t\t\t\t\t\t\t<\/div>\n\t\t\t\t<\/div>\n\t\t\t\t\t<\/div>\n\t\t<\/div>\n\t\t\t\t\t<\/div>\n\t\t<\/section>\n\t\t\t\t<section class=\"elementor-section elementor-top-section elementor-element elementor-element-c2a53e4 elementor-section-boxed elementor-section-height-default elementor-section-height-default\" data-id=\"c2a53e4\" data-element_type=\"section\" data-e-type=\"section\">\n\t\t\t\t\t\t<div class=\"elementor-container elementor-column-gap-default\">\n\t\t\t\t\t<div class=\"elementor-column elementor-col-100 elementor-top-column elementor-element elementor-element-e9d5a95\" data-id=\"e9d5a95\" data-element_type=\"column\" data-e-type=\"column\">\n\t\t\t<div class=\"elementor-widget-wrap elementor-element-populated\">\n\t\t\t\t\t\t<div class=\"elementor-element elementor-element-6e5a713 elementor-widget elementor-widget-heading\" data-id=\"6e5a713\" data-element_type=\"widget\" data-e-type=\"widget\" data-widget_type=\"heading.default\">\n\t\t\t\t<div class=\"elementor-widget-container\">\n\t\t\t\t\t<h2 class=\"elementor-heading-title elementor-size-default\">Vague de soutien aux commer\u00e7ants locaux<\/h2>\t\t\t\t<\/div>\n\t\t\t\t<\/div>\n\t\t\t\t<div class=\"elementor-element elementor-element-fb96dec elementor-widget elementor-widget-text-editor\" data-id=\"fb96dec\" data-element_type=\"widget\" data-e-type=\"widget\" data-widget_type=\"text-editor.default\">\n\t\t\t\t<div class=\"elementor-widget-container\">\n\t\t\t\t\t\t\t\t\t<p>Commer\u00e7ants, artisans, ind\u00e9pendants, imposez-vous face aux g\u00e9ants du web. Le local a le vent en poupe et les incitations \u00e0 <strong>soutenir les petits commerces<\/strong> se font de plus en plus nombreuses sur les r\u00e9seaux sociaux ou encore sur des plateformes sp\u00e9cialis\u00e9es.<\/p><p>Sachez que pr\u00e8s de 75% des consommateurs font des <strong>recherches sur des informations locales<\/strong> (magasins, locaux, \u00e9v\u00e9nements) et 18% de ces recherches conduisent \u00e0 un achat.<\/p><p>Dans cette logique, nous pr\u00e9conisons l\u2019utilisation de la vitrine <strong>Google My Business<\/strong>, outil indispensable pour optimiser <strong>votre r\u00e9f\u00e9rencement local<\/strong>.<\/p>\t\t\t\t\t\t\t\t<\/div>\n\t\t\t\t<\/div>\n\t\t\t\t\t<\/div>\n\t\t<\/div>\n\t\t\t\t\t<\/div>\n\t\t<\/section>\n\t\t\t\t<section class=\"elementor-section elementor-top-section elementor-element elementor-element-9e8913f elementor-section-boxed elementor-section-height-default elementor-section-height-default\" data-id=\"9e8913f\" data-element_type=\"section\" data-e-type=\"section\">\n\t\t\t\t\t\t<div class=\"elementor-container elementor-column-gap-default\">\n\t\t\t\t\t<div class=\"elementor-column elementor-col-33 elementor-top-column elementor-element elementor-element-09eae1e\" data-id=\"09eae1e\" data-element_type=\"column\" data-e-type=\"column\">\n\t\t\t<div class=\"elementor-widget-wrap\">\n\t\t\t\t\t\t\t<\/div>\n\t\t<\/div>\n\t\t\t\t<div class=\"elementor-column elementor-col-33 elementor-top-column elementor-element elementor-element-91670a2\" data-id=\"91670a2\" data-element_type=\"column\" data-e-type=\"column\">\n\t\t\t<div class=\"elementor-widget-wrap elementor-element-populated\">\n\t\t\t\t\t\t<div class=\"elementor-element elementor-element-f584440 elementor-widget elementor-widget-heading\" data-id=\"f584440\" data-element_type=\"widget\" data-e-type=\"widget\" data-widget_type=\"heading.default\">\n\t\t\t\t<div class=\"elementor-widget-container\">\n\t\t\t\t\t<h2 class=\"elementor-heading-title elementor-size-default\">Quelles aides pour les commerces de proximit\u00e9 voulant cr\u00e9er un site e-commerce\u00a0?<\/h2>\t\t\t\t<\/div>\n\t\t\t\t<\/div>\n\t\t\t\t\t<\/div>\n\t\t<\/div>\n\t\t\t\t<div class=\"elementor-column elementor-col-33 elementor-top-column elementor-element elementor-element-9367e4a\" data-id=\"9367e4a\" data-element_type=\"column\" data-e-type=\"column\">\n\t\t\t<div class=\"elementor-widget-wrap\">\n\t\t\t\t\t\t\t<\/div>\n\t\t<\/div>\n\t\t\t\t\t<\/div>\n\t\t<\/section>\n\t\t\t\t<section class=\"elementor-section elementor-top-section elementor-element elementor-element-94c3ea7 elementor-section-boxed elementor-section-height-default elementor-section-height-default\" data-id=\"94c3ea7\" data-element_type=\"section\" data-e-type=\"section\">\n\t\t\t\t\t\t<div class=\"elementor-container elementor-column-gap-default\">\n\t\t\t\t\t<div class=\"elementor-column elementor-col-100 elementor-top-column elementor-element elementor-element-09ec22c\" data-id=\"09ec22c\" data-element_type=\"column\" data-e-type=\"column\">\n\t\t\t<div class=\"elementor-widget-wrap elementor-element-populated\">\n\t\t\t\t\t\t<div class=\"elementor-element elementor-element-8b354a7 elementor-widget elementor-widget-text-editor\" data-id=\"8b354a7\" data-element_type=\"widget\" data-e-type=\"widget\" data-widget_type=\"text-editor.default\">\n\t\t\t\t<div class=\"elementor-widget-container\">\n\t\t\t\t\t\t\t\t\t<p align=\"justify\">Afin d\u2019accompagner au mieux les entreprises, un <b>soutien financier<\/b> est donc propos\u00e9 d\u00e8s janvier 2021.<\/p>\n<p align=\"justify\"><span style=\"color: #1b1b1b;\">Un <strong>ch\u00e8que num\u00e9rique de 500 \u20ac<\/strong><\/span><span style=\"color: #000000;\">,<\/span> destin\u00e9 \u00e0 financer l\u2019acquisition d\u2019outils num\u00e9riques de vente \u00e0 distance, pour tous les commerces ferm\u00e9s en raison de la&nbsp;crise sanitaire, ainsi qu\u2019aux professionnels de la restauration et de l\u2019h\u00f4tellerie.<\/p>\t\t\t\t\t\t\t\t<\/div>\n\t\t\t\t<\/div>\n\t\t\t\t<div class=\"elementor-element elementor-element-9e9ffa1 elementor-widget elementor-widget-heading\" data-id=\"9e9ffa1\" data-element_type=\"widget\" data-e-type=\"widget\" data-widget_type=\"heading.default\">\n\t\t\t\t<div class=\"elementor-widget-container\">\n\t\t\t\t\t<h2 class=\"elementor-heading-title elementor-size-default\">Digitalisation : Soutien aux communes<\/h2>\t\t\t\t<\/div>\n\t\t\t\t<\/div>\n\t\t\t\t<div class=\"elementor-element elementor-element-ce216f9 elementor-widget elementor-widget-text-editor\" data-id=\"ce216f9\" data-element_type=\"widget\" data-e-type=\"widget\" data-widget_type=\"text-editor.default\">\n\t\t\t\t<div class=\"elementor-widget-container\">\n\t\t\t\t\t\t\t\t\t<p align=\"justify\">20.000 \u20ac\u00a0par commune pour accompagner les collectivit\u00e9s locales qui souhaitent d\u00e9velopper des plateformes ou un<strong> site internet d\u2019e-commerce.<\/strong><\/p>\t\t\t\t\t\t\t\t<\/div>\n\t\t\t\t<\/div>\n\t\t\t\t<div class=\"elementor-element elementor-element-89f8bcc elementor-widget elementor-widget-image\" data-id=\"89f8bcc\" data-element_type=\"widget\" data-e-type=\"widget\" data-widget_type=\"image.default\">\n\t\t\t\t<div class=\"elementor-widget-container\">\n\t\t\t\t\t\t\t\t\t\t\t\t\t\t\t<img decoding=\"async\" width=\"500\" height=\"333\" src=\"https:\/\/www.soweb.io\/wp-content\/uploads\/sow-ldd-logo_digitalisation_entreprise_500x333web.jpg\" class=\"attachment-large size-large wp-image-2122\" alt=\"Digitalisation soci\u00e9t\u00e9\" \/>\t\t\t\t\t\t\t\t\t\t\t\t\t\t\t<\/div>\n\t\t\t\t<\/div>\n\t\t\t\t<div class=\"elementor-element elementor-element-8f369da elementor-widget elementor-widget-text-editor\" data-id=\"8f369da\" data-element_type=\"widget\" data-e-type=\"widget\" data-widget_type=\"text-editor.default\">\n\t\t\t\t<div class=\"elementor-widget-container\">\n\t\t\t\t\t\t\t\t\t<div class=\"level__left\">\n<div class=\"level__item\">\n<div><span class=\"attribution_field hide-sm hide-md\"><em>Image&nbsp; <\/em><a href=\"https:\/\/pixabay.com\/fr\/users\/geralt-9301\/?utm_source=link-attribution&amp;utm_medium=referral&amp;utm_campaign=image&amp;utm_content=3753463\">Gerd Altmann<\/a> de <a href=\"https:\/\/pixabay.com\/fr\/?utm_source=link-attribution&amp;utm_medium=referral&amp;utm_campaign=image&amp;utm_content=3753463\">Pixabay<\/a><\/span><\/div>\n<\/div>\n<\/div>\t\t\t\t\t\t\t\t<\/div>\n\t\t\t\t<\/div>\n\t\t\t\t\t<\/div>\n\t\t<\/div>\n\t\t\t\t\t<\/div>\n\t\t<\/section>\n\t\t\t\t<section class=\"elementor-section elementor-top-section elementor-element elementor-element-3c2c692 elementor-section-boxed elementor-section-height-default elementor-section-height-default\" data-id=\"3c2c692\" data-element_type=\"section\" data-e-type=\"section\">\n\t\t\t\t\t\t<div class=\"elementor-container elementor-column-gap-default\">\n\t\t\t\t\t<div class=\"elementor-column elementor-col-100 elementor-top-column elementor-element elementor-element-57227dc\" data-id=\"57227dc\" data-element_type=\"column\" data-e-type=\"column\">\n\t\t\t<div class=\"elementor-widget-wrap elementor-element-populated\">\n\t\t\t\t\t\t<div class=\"elementor-element elementor-element-bad7001 elementor-widget elementor-widget-heading\" data-id=\"bad7001\" data-element_type=\"widget\" data-e-type=\"widget\" data-widget_type=\"heading.default\">\n\t\t\t\t<div class=\"elementor-widget-container\">\n\t\t\t\t\t<h2 class=\"elementor-heading-title elementor-size-default\">Les initiatives des plateformes num\u00e9riques<\/h2>\t\t\t\t<\/div>\n\t\t\t\t<\/div>\n\t\t\t\t<div class=\"elementor-element elementor-element-078b5aa elementor-widget elementor-widget-text-editor\" data-id=\"078b5aa\" data-element_type=\"widget\" data-e-type=\"widget\" data-widget_type=\"text-editor.default\">\n\t\t\t\t<div class=\"elementor-widget-container\">\n\t\t\t\t\t\t\t\t\t<p align=\"justify\">Facebook propose l\u2019initiative <b>#SoutenonsNosTPEPME<\/b>. R\u00e9cemment pr\u00e9sent\u00e9e conjointement avec la CMPE (Conf\u00e9d\u00e9ration des Petites et Moyennes Entreprises) Facebook va prochainement lancer des outils pour aider \u00e0 la <strong>digitalisation des petits commerces en France.<\/strong><\/p><p align=\"justify\">Afin d\u2019aider plus de 2 millions d\u2019entrepreneurs \u00e0 appr\u00e9hender les <strong>nouveaux outils num\u00e9riques<\/strong>, 25\u00a0 formations gratuites de 30 minutes auront lieu pendant une semaine. Ce programme sera disponible sur Facebook et sur le site<b> <\/b>de la <a href=\"https:\/\/www.cpme.fr.\" target=\"_blank\" rel=\"noopener\">CPME<\/a><u>.<\/u><\/p>\t\t\t\t\t\t\t\t<\/div>\n\t\t\t\t<\/div>\n\t\t\t\t<div class=\"elementor-element elementor-element-1f781fc elementor-widget elementor-widget-heading\" data-id=\"1f781fc\" data-element_type=\"widget\" data-e-type=\"widget\" data-widget_type=\"heading.default\">\n\t\t\t\t<div class=\"elementor-widget-container\">\n\t\t\t\t\t<h3 class=\"elementor-heading-title elementor-size-default\">Propri\u00e9t\u00e9 du nom de domaine <\/h3>\t\t\t\t<\/div>\n\t\t\t\t<\/div>\n\t\t\t\t<div class=\"elementor-element elementor-element-6df64c5 elementor-widget elementor-widget-text-editor\" data-id=\"6df64c5\" data-element_type=\"widget\" data-e-type=\"widget\" data-widget_type=\"text-editor.default\">\n\t\t\t\t<div class=\"elementor-widget-container\">\n\t\t\t\t\t\t\t\t\t<p align=\"justify\">Toutefois, il est important de prendre conscience qu\u2019avoir son propre <b>site web et \u00eatre propri\u00e9taire de son nom de domaine<\/b> est synonyme de <b>libert\u00e9<\/b>. <br \/><br \/>En effet, commercialiser ses produits ou services, exclusivement via les plateformes des r\u00e9seaux sociaux, a ses limites et ses dangers. Nous savons que les <strong>r\u00e9seaux sociaux<\/strong> peuvent censurer et interdire des produits en fonction de certaines directives, ou changer, \u00e0 tout moment, leurs conditions g\u00e9n\u00e9rales d\u2019utilisation.<br \/><br \/>En aucun cas, il ne faut se contenter de ces <b>solutions compl\u00e9mentaires<\/b>, dont vous n\u2019\u00eates pas propri\u00e9taire. Vous \u00eates les dirigeants de vos entreprises\u00a0; vous devez ma\u00eetriser la propri\u00e9t\u00e9 de votre canal de distribution web.<\/p>\t\t\t\t\t\t\t\t<\/div>\n\t\t\t\t<\/div>\n\t\t\t\t\t<\/div>\n\t\t<\/div>\n\t\t\t\t\t<\/div>\n\t\t<\/section>\n\t\t\t\t<section class=\"elementor-section elementor-top-section elementor-element elementor-element-89ab2ec elementor-section-boxed elementor-section-height-default elementor-section-height-default\" data-id=\"89ab2ec\" data-element_type=\"section\" data-e-type=\"section\">\n\t\t\t\t\t\t<div class=\"elementor-container elementor-column-gap-default\">\n\t\t\t\t\t<div class=\"elementor-column elementor-col-100 elementor-top-column elementor-element elementor-element-5acb97b\" data-id=\"5acb97b\" data-element_type=\"column\" data-e-type=\"column\">\n\t\t\t<div class=\"elementor-widget-wrap elementor-element-populated\">\n\t\t\t\t\t\t<div class=\"elementor-element elementor-element-7159636 elementor-widget elementor-widget-heading\" data-id=\"7159636\" data-element_type=\"widget\" data-e-type=\"widget\" data-widget_type=\"heading.default\">\n\t\t\t\t<div class=\"elementor-widget-container\">\n\t\t\t\t\t<h3 class=\"elementor-heading-title elementor-size-default\">Passez au num\u00e9rique<\/h3>\t\t\t\t<\/div>\n\t\t\t\t<\/div>\n\t\t\t\t<div class=\"elementor-element elementor-element-548e105 elementor-widget elementor-widget-text-editor\" data-id=\"548e105\" data-element_type=\"widget\" data-e-type=\"widget\" data-widget_type=\"text-editor.default\">\n\t\t\t\t<div class=\"elementor-widget-container\">\n\t\t\t\t\t\t\t\t\t<p>La <b>visibilit\u00e9 sur le web<\/b> est maintenant un des enjeux les plus importants pour la prosp\u00e9rit\u00e9 de votre <b>entreprise<\/b>. Vous l\u2019avez bien compris\u00a0: tout se joue \u00e0 pr\u00e9sent sur la toile. <strong>Site internet, r\u00e9seaux sociaux, plateforme d\u2019e-commerce<\/strong>. N\u2019attendez plus, lancez-vous en contactant un <b>professionnel du web<\/b> et concentrez-vous sur votre m\u00e9tier.<\/p>\t\t\t\t\t\t\t\t<\/div>\n\t\t\t\t<\/div>\n\t\t\t\t<div class=\"elementor-element elementor-element-f0751f4 elementor-widget elementor-widget-heading\" data-id=\"f0751f4\" data-element_type=\"widget\" data-e-type=\"widget\" data-widget_type=\"heading.default\">\n\t\t\t\t<div class=\"elementor-widget-container\">\n\t\t\t\t\t<h3 class=\"elementor-heading-title elementor-size-default\">Lola Plan\u00e7on <\/h3>\t\t\t\t<\/div>\n\t\t\t\t<\/div>\n\t\t\t\t<div class=\"elementor-element elementor-element-38ee843 elementor-widget elementor-widget-heading\" data-id=\"38ee843\" data-element_type=\"widget\" data-e-type=\"widget\" data-widget_type=\"heading.default\">\n\t\t\t\t<div class=\"elementor-widget-container\">\n\t\t\t\t\t<h3 class=\"elementor-heading-title elementor-size-default\">Marketing digital<\/h3>\t\t\t\t<\/div>\n\t\t\t\t<\/div>\n\t\t\t\t<div class=\"elementor-element elementor-element-d905137 elementor-widget elementor-widget-image\" data-id=\"d905137\" data-element_type=\"widget\" data-e-type=\"widget\" data-widget_type=\"image.default\">\n\t\t\t\t<div class=\"elementor-widget-container\">\n\t\t\t\t\t\t\t\t\t\t\t\t\t\t\t<img decoding=\"async\" width=\"150\" height=\"20\" src=\"https:\/\/www.soweb.io\/wp-content\/uploads\/logo-transparent-nov-2020.png\" class=\"attachment-thumbnail size-thumbnail wp-image-1904\" alt=\"Logo Sowebio\" \/>\t\t\t\t\t\t\t\t\t\t\t\t\t\t\t<\/div>\n\t\t\t\t<\/div>\n\t\t\t\t\t<\/div>\n\t\t<\/div>\n\t\t\t\t\t<\/div>\n\t\t<\/section>\n\t\t\t\t<\/div>","protected":false},"excerpt":{"rendered":"<p>Digitalisation de votre entreprise au temps du confinement Comment\u00a0 r\u00e9ussir votre d\u00e9ploiement web durant cette p\u00e9riode in\u00e9dite et digitaliser votre activit\u00e9\u00a0 ? L&rsquo;anticipation est la cl\u00e9 du succ\u00e8s. Vous avez cr\u00e9\u00e9 votre outil de production, vous \u00eates \u00e0 l&rsquo;origine de votre commerce, votre entreprise est bien essentielle \u00e0 votre survie \u00e9conomique, tout autant qu&rsquo;elle est [&hellip;]<\/p>","protected":false},"author":2,"featured_media":1608,"comment_status":"closed","ping_status":"open","sticky":false,"template":"","format":"standard","meta":{"footnotes":""},"categories":[194],"tags":[],"class_list":["post-1584","post","type-post","status-publish","format-standard","has-post-thumbnail","hentry","category-news"],"yoast_head":"<!-- This site is optimized with the Yoast SEO plugin v25.0 - https:\/\/yoast.com\/wordpress\/plugins\/seo\/ -->\n<title>Digitalisation au temps du confinement - Sowebio Strat\u00e9gie Digitale<\/title>\n<meta name=\"description\" content=\"La digitalisation se traduit par un virage num\u00e9rique des strat\u00e9gies internes et externes de l\u2019entreprise. Sowebio vous aide \u00e0 passer le cap.\" \/>\n<meta name=\"robots\" content=\"index, follow, max-snippet:-1, max-image-preview:large, max-video-preview:-1\" \/>\n<link rel=\"canonical\" href=\"https:\/\/www.soweb.io\/en\/digitalisation\/\" \/>\n<meta property=\"og:locale\" content=\"en_GB\" \/>\n<meta property=\"og:type\" content=\"article\" \/>\n<meta property=\"og:title\" content=\"Digitalisation au temps du confinement - Sowebio Strat\u00e9gie Digitale\" \/>\n<meta property=\"og:description\" content=\"La digitalisation se traduit par un virage num\u00e9rique des strat\u00e9gies internes et externes de l\u2019entreprise. Sowebio vous aide \u00e0 passer le cap.\" \/>\n<meta property=\"og:url\" content=\"https:\/\/www.soweb.io\/en\/digitalisation\/\" \/>\n<meta property=\"og:site_name\" content=\"Sowebio Strat\u00e9gie Digitale\" \/>\n<meta property=\"article:published_time\" content=\"2020-12-04T11:28:10+00:00\" \/>\n<meta property=\"article:modified_time\" content=\"2020-12-15T08:06:39+00:00\" \/>\n<meta property=\"og:image\" content=\"https:\/\/www.soweb.io\/wp-content\/uploads\/sow-ldd-digitalisation_entreprise-597x398web.jpg\" \/>\n\t<meta property=\"og:image:width\" content=\"597\" \/>\n\t<meta property=\"og:image:height\" content=\"398\" \/>\n\t<meta property=\"og:image:type\" content=\"image\/jpeg\" \/>\n<meta name=\"author\" content=\"g001\" \/>\n<meta name=\"twitter:card\" content=\"summary_large_image\" \/>\n<meta name=\"twitter:label1\" content=\"Written by\" \/>\n\t<meta name=\"twitter:data1\" content=\"g001\" \/>\n\t<meta name=\"twitter:label2\" content=\"Estimated reading time\" \/>\n\t<meta name=\"twitter:data2\" content=\"11 minutes\" \/>\n<script type=\"application\/ld+json\" class=\"yoast-schema-graph\">{\"@context\":\"https:\/\/schema.org\",\"@graph\":[{\"@type\":\"Article\",\"@id\":\"https:\/\/www.soweb.io\/digitalisation\/#article\",\"isPartOf\":{\"@id\":\"https:\/\/www.soweb.io\/digitalisation\/\"},\"author\":{\"name\":\"g001\",\"@id\":\"https:\/\/www.soweb.io\/#\/schema\/person\/7a6b36a2f19a428bd5a8792373e8e076\"},\"headline\":\"Digitalisation au temps du confinement\",\"datePublished\":\"2020-12-04T11:28:10+00:00\",\"dateModified\":\"2020-12-15T08:06:39+00:00\",\"mainEntityOfPage\":{\"@id\":\"https:\/\/www.soweb.io\/digitalisation\/\"},\"wordCount\":2111,\"publisher\":{\"@id\":\"https:\/\/www.soweb.io\/#organization\"},\"image\":{\"@id\":\"https:\/\/www.soweb.io\/digitalisation\/#primaryimage\"},\"thumbnailUrl\":\"https:\/\/www.soweb.io\/wp-content\/uploads\/sow-ldd-digitalisation_entreprise-597x398web.jpg\",\"articleSection\":[\"News\"],\"inLanguage\":\"en-GB\"},{\"@type\":\"WebPage\",\"@id\":\"https:\/\/www.soweb.io\/digitalisation\/\",\"url\":\"https:\/\/www.soweb.io\/digitalisation\/\",\"name\":\"Digitalisation au temps du confinement - Sowebio Strat\u00e9gie Digitale\",\"isPartOf\":{\"@id\":\"https:\/\/www.soweb.io\/#website\"},\"primaryImageOfPage\":{\"@id\":\"https:\/\/www.soweb.io\/digitalisation\/#primaryimage\"},\"image\":{\"@id\":\"https:\/\/www.soweb.io\/digitalisation\/#primaryimage\"},\"thumbnailUrl\":\"https:\/\/www.soweb.io\/wp-content\/uploads\/sow-ldd-digitalisation_entreprise-597x398web.jpg\",\"datePublished\":\"2020-12-04T11:28:10+00:00\",\"dateModified\":\"2020-12-15T08:06:39+00:00\",\"description\":\"La digitalisation se traduit par un virage num\u00e9rique des strat\u00e9gies internes et externes de l\u2019entreprise. Sowebio vous aide \u00e0 passer le cap.\",\"breadcrumb\":{\"@id\":\"https:\/\/www.soweb.io\/digitalisation\/#breadcrumb\"},\"inLanguage\":\"en-GB\",\"potentialAction\":[{\"@type\":\"ReadAction\",\"target\":[\"https:\/\/www.soweb.io\/digitalisation\/\"]}]},{\"@type\":\"ImageObject\",\"inLanguage\":\"en-GB\",\"@id\":\"https:\/\/www.soweb.io\/digitalisation\/#primaryimage\",\"url\":\"https:\/\/www.soweb.io\/wp-content\/uploads\/sow-ldd-digitalisation_entreprise-597x398web.jpg\",\"contentUrl\":\"https:\/\/www.soweb.io\/wp-content\/uploads\/sow-ldd-digitalisation_entreprise-597x398web.jpg\",\"width\":597,\"height\":398,\"caption\":\"Digitalisation entreprise\"},{\"@type\":\"BreadcrumbList\",\"@id\":\"https:\/\/www.soweb.io\/digitalisation\/#breadcrumb\",\"itemListElement\":[{\"@type\":\"ListItem\",\"position\":1,\"name\":\"Home\",\"item\":\"https:\/\/www.soweb.io\/\"},{\"@type\":\"ListItem\",\"position\":2,\"name\":\"Digitalisation au temps du confinement\"}]},{\"@type\":\"WebSite\",\"@id\":\"https:\/\/www.soweb.io\/#website\",\"url\":\"https:\/\/www.soweb.io\/\",\"name\":\"Sowebio Strat\u00e9gie Digitale\",\"description\":\"\",\"publisher\":{\"@id\":\"https:\/\/www.soweb.io\/#organization\"},\"potentialAction\":[{\"@type\":\"SearchAction\",\"target\":{\"@type\":\"EntryPoint\",\"urlTemplate\":\"https:\/\/www.soweb.io\/?s={search_term_string}\"},\"query-input\":{\"@type\":\"PropertyValueSpecification\",\"valueRequired\":true,\"valueName\":\"search_term_string\"}}],\"inLanguage\":\"en-GB\"},{\"@type\":\"Organization\",\"@id\":\"https:\/\/www.soweb.io\/#organization\",\"name\":\"Sowebio\",\"url\":\"https:\/\/www.soweb.io\/\",\"logo\":{\"@type\":\"ImageObject\",\"inLanguage\":\"en-GB\",\"@id\":\"https:\/\/www.soweb.io\/#\/schema\/logo\/image\/\",\"url\":\"https:\/\/www.soweb.io\/wp-content\/uploads\/sow-sow-logo_sowebio_transparent-240x49web.png\",\"contentUrl\":\"https:\/\/www.soweb.io\/wp-content\/uploads\/sow-sow-logo_sowebio_transparent-240x49web.png\",\"width\":240,\"height\":49,\"caption\":\"Sowebio\"},\"image\":{\"@id\":\"https:\/\/www.soweb.io\/#\/schema\/logo\/image\/\"}},{\"@type\":\"Person\",\"@id\":\"https:\/\/www.soweb.io\/#\/schema\/person\/7a6b36a2f19a428bd5a8792373e8e076\",\"name\":\"g001\",\"url\":\"https:\/\/www.soweb.io\/en\/author\/g001\/\"}]}<\/script>\n<!-- \/ Yoast SEO plugin. -->","yoast_head_json":{"title":"Digitalisation au temps du confinement - Sowebio Strat\u00e9gie Digitale","description":"La digitalisation se traduit par un virage num\u00e9rique des strat\u00e9gies internes et externes de l\u2019entreprise. Sowebio vous aide \u00e0 passer le cap.","robots":{"index":"index","follow":"follow","max-snippet":"max-snippet:-1","max-image-preview":"max-image-preview:large","max-video-preview":"max-video-preview:-1"},"canonical":"https:\/\/www.soweb.io\/en\/digitalisation\/","og_locale":"en_GB","og_type":"article","og_title":"Digitalisation au temps du confinement - Sowebio Strat\u00e9gie Digitale","og_description":"La digitalisation se traduit par un virage num\u00e9rique des strat\u00e9gies internes et externes de l\u2019entreprise. Sowebio vous aide \u00e0 passer le cap.","og_url":"https:\/\/www.soweb.io\/en\/digitalisation\/","og_site_name":"Sowebio Strat\u00e9gie Digitale","article_published_time":"2020-12-04T11:28:10+00:00","article_modified_time":"2020-12-15T08:06:39+00:00","og_image":[{"width":597,"height":398,"url":"https:\/\/www.soweb.io\/wp-content\/uploads\/sow-ldd-digitalisation_entreprise-597x398web.jpg","type":"image\/jpeg"}],"author":"g001","twitter_card":"summary_large_image","twitter_misc":{"Written by":"g001","Estimated reading time":"11 minutes"},"schema":{"@context":"https:\/\/schema.org","@graph":[{"@type":"Article","@id":"https:\/\/www.soweb.io\/digitalisation\/#article","isPartOf":{"@id":"https:\/\/www.soweb.io\/digitalisation\/"},"author":{"name":"g001","@id":"https:\/\/www.soweb.io\/#\/schema\/person\/7a6b36a2f19a428bd5a8792373e8e076"},"headline":"Digitalisation au temps du confinement","datePublished":"2020-12-04T11:28:10+00:00","dateModified":"2020-12-15T08:06:39+00:00","mainEntityOfPage":{"@id":"https:\/\/www.soweb.io\/digitalisation\/"},"wordCount":2111,"publisher":{"@id":"https:\/\/www.soweb.io\/#organization"},"image":{"@id":"https:\/\/www.soweb.io\/digitalisation\/#primaryimage"},"thumbnailUrl":"https:\/\/www.soweb.io\/wp-content\/uploads\/sow-ldd-digitalisation_entreprise-597x398web.jpg","articleSection":["News"],"inLanguage":"en-GB"},{"@type":"WebPage","@id":"https:\/\/www.soweb.io\/digitalisation\/","url":"https:\/\/www.soweb.io\/digitalisation\/","name":"Digitalisation au temps du confinement - Sowebio Strat\u00e9gie Digitale","isPartOf":{"@id":"https:\/\/www.soweb.io\/#website"},"primaryImageOfPage":{"@id":"https:\/\/www.soweb.io\/digitalisation\/#primaryimage"},"image":{"@id":"https:\/\/www.soweb.io\/digitalisation\/#primaryimage"},"thumbnailUrl":"https:\/\/www.soweb.io\/wp-content\/uploads\/sow-ldd-digitalisation_entreprise-597x398web.jpg","datePublished":"2020-12-04T11:28:10+00:00","dateModified":"2020-12-15T08:06:39+00:00","description":"La digitalisation se traduit par un virage num\u00e9rique des strat\u00e9gies internes et externes de l\u2019entreprise. Sowebio vous aide \u00e0 passer le cap.","breadcrumb":{"@id":"https:\/\/www.soweb.io\/digitalisation\/#breadcrumb"},"inLanguage":"en-GB","potentialAction":[{"@type":"ReadAction","target":["https:\/\/www.soweb.io\/digitalisation\/"]}]},{"@type":"ImageObject","inLanguage":"en-GB","@id":"https:\/\/www.soweb.io\/digitalisation\/#primaryimage","url":"https:\/\/www.soweb.io\/wp-content\/uploads\/sow-ldd-digitalisation_entreprise-597x398web.jpg","contentUrl":"https:\/\/www.soweb.io\/wp-content\/uploads\/sow-ldd-digitalisation_entreprise-597x398web.jpg","width":597,"height":398,"caption":"Digitalisation entreprise"},{"@type":"BreadcrumbList","@id":"https:\/\/www.soweb.io\/digitalisation\/#breadcrumb","itemListElement":[{"@type":"ListItem","position":1,"name":"Home","item":"https:\/\/www.soweb.io\/"},{"@type":"ListItem","position":2,"name":"Digitalisation au temps du confinement"}]},{"@type":"WebSite","@id":"https:\/\/www.soweb.io\/#website","url":"https:\/\/www.soweb.io\/","name":"Sowebio Strat\u00e9gie Digitale","description":"","publisher":{"@id":"https:\/\/www.soweb.io\/#organization"},"potentialAction":[{"@type":"SearchAction","target":{"@type":"EntryPoint","urlTemplate":"https:\/\/www.soweb.io\/?s={search_term_string}"},"query-input":{"@type":"PropertyValueSpecification","valueRequired":true,"valueName":"search_term_string"}}],"inLanguage":"en-GB"},{"@type":"Organization","@id":"https:\/\/www.soweb.io\/#organization","name":"Sowebio","url":"https:\/\/www.soweb.io\/","logo":{"@type":"ImageObject","inLanguage":"en-GB","@id":"https:\/\/www.soweb.io\/#\/schema\/logo\/image\/","url":"https:\/\/www.soweb.io\/wp-content\/uploads\/sow-sow-logo_sowebio_transparent-240x49web.png","contentUrl":"https:\/\/www.soweb.io\/wp-content\/uploads\/sow-sow-logo_sowebio_transparent-240x49web.png","width":240,"height":49,"caption":"Sowebio"},"image":{"@id":"https:\/\/www.soweb.io\/#\/schema\/logo\/image\/"}},{"@type":"Person","@id":"https:\/\/www.soweb.io\/#\/schema\/person\/7a6b36a2f19a428bd5a8792373e8e076","name":"g001","url":"https:\/\/www.soweb.io\/en\/author\/g001\/"}]}},"_links":{"self":[{"href":"https:\/\/www.soweb.io\/en\/wp-json\/wp\/v2\/posts\/1584","targetHints":{"allow":["GET"]}}],"collection":[{"href":"https:\/\/www.soweb.io\/en\/wp-json\/wp\/v2\/posts"}],"about":[{"href":"https:\/\/www.soweb.io\/en\/wp-json\/wp\/v2\/types\/post"}],"author":[{"embeddable":true,"href":"https:\/\/www.soweb.io\/en\/wp-json\/wp\/v2\/users\/2"}],"replies":[{"embeddable":true,"href":"https:\/\/www.soweb.io\/en\/wp-json\/wp\/v2\/comments?post=1584"}],"version-history":[{"count":6,"href":"https:\/\/www.soweb.io\/en\/wp-json\/wp\/v2\/posts\/1584\/revisions"}],"predecessor-version":[{"id":5038,"href":"https:\/\/www.soweb.io\/en\/wp-json\/wp\/v2\/posts\/1584\/revisions\/5038"}],"wp:featuredmedia":[{"embeddable":true,"href":"https:\/\/www.soweb.io\/en\/wp-json\/wp\/v2\/media\/1608"}],"wp:attachment":[{"href":"https:\/\/www.soweb.io\/en\/wp-json\/wp\/v2\/media?parent=1584"}],"wp:term":[{"taxonomy":"category","embeddable":true,"href":"https:\/\/www.soweb.io\/en\/wp-json\/wp\/v2\/categories?post=1584"},{"taxonomy":"post_tag","embeddable":true,"href":"https:\/\/www.soweb.io\/en\/wp-json\/wp\/v2\/tags?post=1584"}],"curies":[{"name":"wp","href":"https:\/\/api.w.org\/{rel}","templated":true}]}}