{"id":2907,"date":"2022-02-18T10:12:00","date_gmt":"2022-02-18T09:12:00","guid":{"rendered":"https:\/\/www.soweb.io\/?p=2907"},"modified":"2022-03-22T07:55:03","modified_gmt":"2022-03-22T06:55:03","slug":"stage-prospection-commerciale-h-f","status":"publish","type":"post","link":"https:\/\/www.soweb.io\/en\/stage-prospection-commerciale-h-f\/","title":{"rendered":"Prospection commerciale h\/f"},"content":{"rendered":"<div data-elementor-type=\"wp-post\" data-elementor-id=\"2907\" class=\"elementor elementor-2907\" data-elementor-post-type=\"post\">\n\t\t\t\t\t\t<section class=\"elementor-section elementor-top-section elementor-element elementor-element-a67d477 elementor-section-boxed elementor-section-height-default elementor-section-height-default\" data-id=\"a67d477\" data-element_type=\"section\" data-e-type=\"section\">\n\t\t\t\t\t\t<div class=\"elementor-container elementor-column-gap-default\">\n\t\t\t\t\t<div class=\"elementor-column elementor-col-100 elementor-top-column elementor-element elementor-element-dba6bb2\" data-id=\"dba6bb2\" data-element_type=\"column\" data-e-type=\"column\">\n\t\t\t<div class=\"elementor-widget-wrap elementor-element-populated\">\n\t\t\t\t\t\t<div class=\"elementor-element elementor-element-075e446 elementor-widget elementor-widget-spacer\" data-id=\"075e446\" data-element_type=\"widget\" data-e-type=\"widget\" data-widget_type=\"spacer.default\">\n\t\t\t\t<div class=\"elementor-widget-container\">\n\t\t\t\t\t\t\t<div class=\"elementor-spacer\">\n\t\t\t<div class=\"elementor-spacer-inner\"><\/div>\n\t\t<\/div>\n\t\t\t\t\t\t<\/div>\n\t\t\t\t<\/div>\n\t\t\t\t<div class=\"elementor-element elementor-element-2c98229 elementor-widget elementor-widget-heading\" data-id=\"2c98229\" data-element_type=\"widget\" data-e-type=\"widget\" data-widget_type=\"heading.default\">\n\t\t\t\t<div class=\"elementor-widget-container\">\n\t\t\t\t\t<h2 class=\"elementor-heading-title elementor-size-default\">Prospection commerciale  (h\/f) <\/h2>\t\t\t\t<\/div>\n\t\t\t\t<\/div>\n\t\t\t\t<div class=\"elementor-element elementor-element-1634b0f elementor-widget elementor-widget-heading\" data-id=\"1634b0f\" data-element_type=\"widget\" data-e-type=\"widget\" data-widget_type=\"heading.default\">\n\t\t\t\t<div class=\"elementor-widget-container\">\n\t\t\t\t\t<h2 class=\"elementor-heading-title elementor-size-default\">Charente-Maritime<\/h2>\t\t\t\t<\/div>\n\t\t\t\t<\/div>\n\t\t\t\t<div class=\"elementor-element elementor-element-2961094 elementor-widget elementor-widget-heading\" data-id=\"2961094\" data-element_type=\"widget\" data-e-type=\"widget\" data-widget_type=\"heading.default\">\n\t\t\t\t<div class=\"elementor-widget-container\">\n\t\t\t\t\t<h2 class=\"elementor-heading-title elementor-size-default\">pr\u00e9sentiel ou distanciel avec r\u00e9unions visio<\/h2>\t\t\t\t<\/div>\n\t\t\t\t<\/div>\n\t\t\t\t<div class=\"elementor-element elementor-element-2209496 elementor-widget elementor-widget-spacer\" data-id=\"2209496\" data-element_type=\"widget\" data-e-type=\"widget\" data-widget_type=\"spacer.default\">\n\t\t\t\t<div class=\"elementor-widget-container\">\n\t\t\t\t\t\t\t<div class=\"elementor-spacer\">\n\t\t\t<div class=\"elementor-spacer-inner\"><\/div>\n\t\t<\/div>\n\t\t\t\t\t\t<\/div>\n\t\t\t\t<\/div>\n\t\t\t\t<div class=\"elementor-element elementor-element-7e88214 elementor-widget elementor-widget-text-editor\" data-id=\"7e88214\" data-element_type=\"widget\" data-e-type=\"widget\" data-widget_type=\"text-editor.default\">\n\t\t\t\t<div class=\"elementor-widget-container\">\n\t\t\t\t\t\t\t\t\t<p><strong>L&rsquo;agence web de Saint-Pierre d&rsquo;Ol\u00e9ron en Charente-Maritime, Sowebio,<\/strong> sp\u00e9cialis\u00e9e dans la <strong>cr\u00e9ation de sites internet<\/strong> et de <strong>marketing de contenu<\/strong>, recherche deux <strong>Stagiaires<\/strong> pour une p\u00e9riode de 2 mois en mars, avril, mai ou juin 2022.<\/p><p>Vous \u00eates <strong>\u00e9tudiant<\/strong> dans le <strong>domaine commercial<\/strong> de niveau Bac+2\/3 et vous\u00a0 <strong>recherchez un Stage<\/strong> pour valider votre cursus\u00a0<strong>\u00a0<\/strong> ? Vous ma\u00eetrisez les <strong>techniques de n\u00e9gociations commerciales<\/strong> et avez une aisance relationnelle naturelle vous permettant de d\u00e9celer le besoin du client.<\/p><div style=\"position: absolute; left: -99999px;\">rechercher un Stage pour valider votre cursus en marketing et communication.<\/div><div style=\"position: absolute; left: -99999px;\"><ul><li>R\u00e9diger quotidiennement des contenus autour de th\u00e9matiques touchant \u00e0 l\u2019immobilier, aux finances personnelles, \u00e0 la gestion de patrimoine, \u00e0 la fiscalit\u00e9 \u2026<\/li><li>Enrichir, corriger et optimiser le travail du p\u00f4le r\u00e9daction<\/li><\/ul><\/div>\t\t\t\t\t\t\t\t<\/div>\n\t\t\t\t<\/div>\n\t\t\t\t<div class=\"elementor-element elementor-element-c7db17b elementor-widget elementor-widget-heading\" data-id=\"c7db17b\" data-element_type=\"widget\" data-e-type=\"widget\" data-widget_type=\"heading.default\">\n\t\t\t\t<div class=\"elementor-widget-container\">\n\t\t\t\t\t<h3 class=\"elementor-heading-title elementor-size-default\">Missions confi\u00e9es lors du stage  de Prospection commerciale<\/h3>\t\t\t\t<\/div>\n\t\t\t\t<\/div>\n\t\t\t\t<div class=\"elementor-element elementor-element-f1410ee elementor-widget elementor-widget-text-editor\" data-id=\"f1410ee\" data-element_type=\"widget\" data-e-type=\"widget\" data-widget_type=\"text-editor.default\">\n\t\t\t\t<div class=\"elementor-widget-container\">\n\t\t\t\t\t\t\t\t\t<div style=\"position: absolute; left: -99999px;\">rechercher un Stage pour valider votre cursus en marketing et communication.<\/div>\n<div style=\"position: absolute; left: -99999px;\">\n<ul>\n<li>R\u00e9diger quotidiennement des contenus autour de th\u00e9matiques touchant \u00e0 l\u2019immobilier, aux finances personnelles, \u00e0 la gestion de patrimoine, \u00e0 la fiscalit\u00e9 \u2026<\/li>\n<li>Enrichir, corriger et optimiser le travail du p\u00f4le r\u00e9daction<\/li>\n<\/ul>\n<\/div>\n<ul>\n<li>Cr\u00e9er une <strong>base de donn\u00e9es de prospection<\/strong> <strong>commerciale<\/strong>, la tenir \u00e0 jour et en assurer les relances<\/li>\n<li>R\u00e9aliser des op\u00e9rations quotidiennes de <strong>prospection&nbsp; <br><\/strong><\/li>\n<li>Rechercher le<strong> bon interlocuteur<\/strong> et <strong>convaincre<\/strong> pour une <strong>prise de rendez-vous<\/strong><\/li>\n<li>Transmettre le <strong>fichier d&rsquo;adresses e-mail <\/strong>\u00e0 votre responsable pour la mise en place d&rsquo;op\u00e9rations de e-mailing<br><\/li>\n<li>Accompagner ponctuellement le commercial du secteur prospect\u00e9<\/li>\n<\/ul>\t\t\t\t\t\t\t\t<\/div>\n\t\t\t\t<\/div>\n\t\t\t\t<div class=\"elementor-element elementor-element-d6651ab elementor-widget elementor-widget-spacer\" data-id=\"d6651ab\" data-element_type=\"widget\" data-e-type=\"widget\" data-widget_type=\"spacer.default\">\n\t\t\t\t<div class=\"elementor-widget-container\">\n\t\t\t\t\t\t\t<div class=\"elementor-spacer\">\n\t\t\t<div class=\"elementor-spacer-inner\"><\/div>\n\t\t<\/div>\n\t\t\t\t\t\t<\/div>\n\t\t\t\t<\/div>\n\t\t\t\t<div class=\"elementor-element elementor-element-596fcb1 elementor-widget elementor-widget-heading\" data-id=\"596fcb1\" data-element_type=\"widget\" data-e-type=\"widget\" data-widget_type=\"heading.default\">\n\t\t\t\t<div class=\"elementor-widget-container\">\n\t\t\t\t\t<h3 class=\"elementor-heading-title elementor-size-default\">Profil recherch\u00e9<\/h3>\t\t\t\t<\/div>\n\t\t\t\t<\/div>\n\t\t\t\t<div class=\"elementor-element elementor-element-1f2b174 elementor-widget elementor-widget-text-editor\" data-id=\"1f2b174\" data-element_type=\"widget\" data-e-type=\"widget\" data-widget_type=\"text-editor.default\">\n\t\t\t\t<div class=\"elementor-widget-container\">\n\t\t\t\t\t\t\t\t\t<p>Vous \u00eates passionn\u00e9(e) par l\u2019univers du <strong>web<\/strong> et les <strong>r\u00e9seaux sociaux<\/strong>. Vous \u00eates dynamisme, et faites preuve d&rsquo;<strong>autonomie<\/strong>, de <strong>pers\u00e9v\u00e9rance<\/strong> et de <strong>rigueur<\/strong>. Vous \u00eates <strong>capable de travailler seul(e), en distanciel, sur une mission confi\u00e9e.<\/strong> Vous ne vous d\u00e9couragez pas apr\u00e8s une journ\u00e9e bord\u00e9e de refus,\u00a0 car vous savez que chaque jour est pour vous une nouvelle chance d&rsquo;atteindre vos objectifs. Vous fa\u00eetes preuve de constance. Vous habitez id\u00e9alement en<strong> Charente-Maritime<\/strong>.\u00a0 <strong><br \/><\/strong><\/p><ul><li>Profil commercial, aisance \u00e0 l&rsquo;\u00e9crit, au t\u00e9l\u00e9phone et en Visio<\/li><li>Sens de l&rsquo;organisation et de la planification<\/li><li>Bac+2\/3 (BTS, DUT, licence, Bachelor)<\/li><li>Cursus avec sp\u00e9cialisation Commerciale<\/li><\/ul>\t\t\t\t\t\t\t\t<\/div>\n\t\t\t\t<\/div>\n\t\t\t\t<div class=\"elementor-element elementor-element-8ea76c4 elementor-widget elementor-widget-spacer\" data-id=\"8ea76c4\" data-element_type=\"widget\" data-e-type=\"widget\" data-widget_type=\"spacer.default\">\n\t\t\t\t<div class=\"elementor-widget-container\">\n\t\t\t\t\t\t\t<div class=\"elementor-spacer\">\n\t\t\t<div class=\"elementor-spacer-inner\"><\/div>\n\t\t<\/div>\n\t\t\t\t\t\t<\/div>\n\t\t\t\t<\/div>\n\t\t\t\t<div class=\"elementor-element elementor-element-693f9ab elementor-widget elementor-widget-heading\" data-id=\"693f9ab\" data-element_type=\"widget\" data-e-type=\"widget\" data-widget_type=\"heading.default\">\n\t\t\t\t<div class=\"elementor-widget-container\">\n\t\t\t\t\t<h3 class=\"elementor-heading-title elementor-size-default\">Reporting<\/h3>\t\t\t\t<\/div>\n\t\t\t\t<\/div>\n\t\t\t\t<div class=\"elementor-element elementor-element-aed5b18 elementor-widget elementor-widget-text-editor\" data-id=\"aed5b18\" data-element_type=\"widget\" data-e-type=\"widget\" data-widget_type=\"text-editor.default\">\n\t\t\t\t<div class=\"elementor-widget-container\">\n\t\t\t\t\t\t\t\t\t<p>Reporting d\u2019activit\u00e9 hebdomadaire :<\/p><ul><li>mise \u00e0 jour de la base de donn\u00e9es de prospection<\/li><li>suivi journalier de l\u2019activit\u00e9<ul><li>nombre d\u2019appels prospectifs\/nombre d&rsquo;actions mises en place<\/li><li>nombre de projets d\u00e9tect\u00e9s<\/li><li>nombre de rendez-vous obtenus pour les commerciaux<\/li><\/ul><\/li><\/ul>\t\t\t\t\t\t\t\t<\/div>\n\t\t\t\t<\/div>\n\t\t\t\t<div class=\"elementor-element elementor-element-23177cd elementor-widget elementor-widget-heading\" data-id=\"23177cd\" data-element_type=\"widget\" data-e-type=\"widget\" data-widget_type=\"heading.default\">\n\t\t\t\t<div class=\"elementor-widget-container\">\n\t\t\t\t\t<h3 class=\"elementor-heading-title elementor-size-default\">Informations relatives au stage <\/h3>\t\t\t\t<\/div>\n\t\t\t\t<\/div>\n\t\t\t\t<div class=\"elementor-element elementor-element-df670a3 elementor-widget elementor-widget-text-editor\" data-id=\"df670a3\" data-element_type=\"widget\" data-e-type=\"widget\" data-widget_type=\"text-editor.default\">\n\t\t\t\t<div class=\"elementor-widget-container\">\n\t\t\t\t\t\t\t\t\t<p>Dur\u00e9e du stage : 2 mois <em>(possibilit\u00e9 de prolongation du stage pour une dur\u00e9e de 4 ou 6 mois)<\/em><\/p><p>Date de d\u00e9but pr\u00e9vue : D\u00e8s que possible<\/p><p>Type d&#8217;emploi : Temps complet<\/p><p>Temps de travail de 6h\/jour soit 30 Heures\/semaine<\/p><ul><li>9h30-12h30<\/li><li>14h00-17h00<\/li><\/ul><ul><li style=\"list-style-type: none;\">\u00a0<\/li><\/ul>\t\t\t\t\t\t\t\t<\/div>\n\t\t\t\t<\/div>\n\t\t\t\t<div class=\"elementor-element elementor-element-d79453c elementor-widget elementor-widget-heading\" data-id=\"d79453c\" data-element_type=\"widget\" data-e-type=\"widget\" data-widget_type=\"heading.default\">\n\t\t\t\t<div class=\"elementor-widget-container\">\n\t\t\t\t\t<h3 class=\"elementor-heading-title elementor-size-default\">Pour se rencontrer<\/h3>\t\t\t\t<\/div>\n\t\t\t\t<\/div>\n\t\t\t\t<div class=\"elementor-element elementor-element-52b9b4c elementor-widget elementor-widget-text-editor\" data-id=\"52b9b4c\" data-element_type=\"widget\" data-e-type=\"widget\" data-widget_type=\"text-editor.default\">\n\t\t\t\t<div class=\"elementor-widget-container\">\n\t\t\t\t\t\t\t\t\t<p>Envoyez-nous votre CV et lettre de motivation \u00e0\u00a0<a href=\"mailto:contact@soweb.io\" target=\"_blank\" rel=\"noopener\">contact@soweb.io<\/a>.<\/p><p>Premier rendez-vous au si\u00e8ge ou en visio<em>.<\/em><\/p><p><a href=\"https:\/\/www.soweb.io\/commerciaux\/\">\u00a0<\/a><\/p>\t\t\t\t\t\t\t\t<\/div>\n\t\t\t\t<\/div>\n\t\t\t\t\t<\/div>\n\t\t<\/div>\n\t\t\t\t\t<\/div>\n\t\t<\/section>\n\t\t\t\t<\/div>","protected":false},"excerpt":{"rendered":"<p>Prospection commerciale (h\/f) Charente-Maritime pr\u00e9sentiel ou distanciel avec r\u00e9unions visio L&rsquo;agence web de Saint-Pierre d&rsquo;Ol\u00e9ron en Charente-Maritime, Sowebio, sp\u00e9cialis\u00e9e dans la cr\u00e9ation de sites internet et de marketing de contenu, recherche deux Stagiaires pour une p\u00e9riode de 2 mois en mars, avril, mai ou juin 2022. Vous \u00eates \u00e9tudiant dans le domaine commercial de niveau [&hellip;]<\/p>","protected":false},"author":2,"featured_media":3027,"comment_status":"closed","ping_status":"closed","sticky":false,"template":"","format":"standard","meta":{"footnotes":""},"categories":[56],"tags":[],"class_list":["post-2907","post","type-post","status-publish","format-standard","has-post-thumbnail","hentry","category-recrutement"],"yoast_head":"<!-- This site is optimized with the Yoast SEO plugin v25.0 - https:\/\/yoast.com\/wordpress\/plugins\/seo\/ -->\n<title>Prospection commerciale h\/f - Sowebio Strat\u00e9gie Digitale<\/title>\n<meta name=\"description\" content=\"Vous recherchez un stage de Prospection commerciale en Charente-Maritime dans le cadre de vos \u00e9tudes ? Stage en distanciel ou pr\u00e9sentiel.\" \/>\n<meta name=\"robots\" content=\"index, follow, max-snippet:-1, max-image-preview:large, max-video-preview:-1\" \/>\n<link rel=\"canonical\" href=\"https:\/\/www.soweb.io\/en\/stage-prospection-commerciale-h-f\/\" \/>\n<meta property=\"og:locale\" content=\"en_GB\" \/>\n<meta property=\"og:type\" content=\"article\" \/>\n<meta property=\"og:title\" content=\"Prospection commerciale h\/f - Sowebio Strat\u00e9gie Digitale\" \/>\n<meta property=\"og:description\" content=\"Vous recherchez un stage de Prospection commerciale en Charente-Maritime dans le cadre de vos \u00e9tudes ? Stage en distanciel ou pr\u00e9sentiel.\" \/>\n<meta property=\"og:url\" content=\"https:\/\/www.soweb.io\/en\/stage-prospection-commerciale-h-f\/\" \/>\n<meta property=\"og:site_name\" content=\"Sowebio Strat\u00e9gie Digitale\" \/>\n<meta property=\"article:published_time\" content=\"2022-02-18T09:12:00+00:00\" \/>\n<meta property=\"article:modified_time\" content=\"2022-03-22T06:55:03+00:00\" \/>\n<meta property=\"og:image\" content=\"https:\/\/www.soweb.io\/wp-content\/uploads\/sow-FB-stage_prospection-500x333web.jpg\" \/>\n\t<meta property=\"og:image:width\" content=\"500\" \/>\n\t<meta property=\"og:image:height\" content=\"333\" \/>\n\t<meta property=\"og:image:type\" content=\"image\/jpeg\" \/>\n<meta name=\"author\" content=\"g001\" \/>\n<meta name=\"twitter:card\" content=\"summary_large_image\" \/>\n<meta name=\"twitter:label1\" content=\"Written by\" \/>\n\t<meta name=\"twitter:data1\" content=\"g001\" \/>\n\t<meta name=\"twitter:label2\" content=\"Estimated reading time\" \/>\n\t<meta name=\"twitter:data2\" content=\"3 minutes\" \/>\n<script type=\"application\/ld+json\" class=\"yoast-schema-graph\">{\"@context\":\"https:\/\/schema.org\",\"@graph\":[{\"@type\":\"Article\",\"@id\":\"https:\/\/www.soweb.io\/stage-prospection-commerciale-h-f\/#article\",\"isPartOf\":{\"@id\":\"https:\/\/www.soweb.io\/stage-prospection-commerciale-h-f\/\"},\"author\":{\"name\":\"g001\",\"@id\":\"https:\/\/www.soweb.io\/#\/schema\/person\/7a6b36a2f19a428bd5a8792373e8e076\"},\"headline\":\"Prospection commerciale h\/f\",\"datePublished\":\"2022-02-18T09:12:00+00:00\",\"dateModified\":\"2022-03-22T06:55:03+00:00\",\"mainEntityOfPage\":{\"@id\":\"https:\/\/www.soweb.io\/stage-prospection-commerciale-h-f\/\"},\"wordCount\":491,\"publisher\":{\"@id\":\"https:\/\/www.soweb.io\/#organization\"},\"image\":{\"@id\":\"https:\/\/www.soweb.io\/stage-prospection-commerciale-h-f\/#primaryimage\"},\"thumbnailUrl\":\"https:\/\/www.soweb.io\/wp-content\/uploads\/sow-FB-stage_prospection-500x333web.jpg\",\"articleSection\":[\"Recrutement\"],\"inLanguage\":\"en-GB\"},{\"@type\":\"WebPage\",\"@id\":\"https:\/\/www.soweb.io\/stage-prospection-commerciale-h-f\/\",\"url\":\"https:\/\/www.soweb.io\/stage-prospection-commerciale-h-f\/\",\"name\":\"Prospection commerciale h\/f - Sowebio Strat\u00e9gie Digitale\",\"isPartOf\":{\"@id\":\"https:\/\/www.soweb.io\/#website\"},\"primaryImageOfPage\":{\"@id\":\"https:\/\/www.soweb.io\/stage-prospection-commerciale-h-f\/#primaryimage\"},\"image\":{\"@id\":\"https:\/\/www.soweb.io\/stage-prospection-commerciale-h-f\/#primaryimage\"},\"thumbnailUrl\":\"https:\/\/www.soweb.io\/wp-content\/uploads\/sow-FB-stage_prospection-500x333web.jpg\",\"datePublished\":\"2022-02-18T09:12:00+00:00\",\"dateModified\":\"2022-03-22T06:55:03+00:00\",\"description\":\"Vous recherchez un stage de Prospection commerciale en Charente-Maritime dans le cadre de vos \u00e9tudes ? Stage en distanciel ou pr\u00e9sentiel.\",\"breadcrumb\":{\"@id\":\"https:\/\/www.soweb.io\/stage-prospection-commerciale-h-f\/#breadcrumb\"},\"inLanguage\":\"en-GB\",\"potentialAction\":[{\"@type\":\"ReadAction\",\"target\":[\"https:\/\/www.soweb.io\/stage-prospection-commerciale-h-f\/\"]}]},{\"@type\":\"ImageObject\",\"inLanguage\":\"en-GB\",\"@id\":\"https:\/\/www.soweb.io\/stage-prospection-commerciale-h-f\/#primaryimage\",\"url\":\"https:\/\/www.soweb.io\/wp-content\/uploads\/sow-FB-stage_prospection-500x333web.jpg\",\"contentUrl\":\"https:\/\/www.soweb.io\/wp-content\/uploads\/sow-FB-stage_prospection-500x333web.jpg\",\"width\":500,\"height\":333,\"caption\":\"Stage prospection commerciale\"},{\"@type\":\"BreadcrumbList\",\"@id\":\"https:\/\/www.soweb.io\/stage-prospection-commerciale-h-f\/#breadcrumb\",\"itemListElement\":[{\"@type\":\"ListItem\",\"position\":1,\"name\":\"Home\",\"item\":\"https:\/\/www.soweb.io\/\"},{\"@type\":\"ListItem\",\"position\":2,\"name\":\"Prospection commerciale h\/f\"}]},{\"@type\":\"WebSite\",\"@id\":\"https:\/\/www.soweb.io\/#website\",\"url\":\"https:\/\/www.soweb.io\/\",\"name\":\"Sowebio Strat\u00e9gie Digitale\",\"description\":\"\",\"publisher\":{\"@id\":\"https:\/\/www.soweb.io\/#organization\"},\"potentialAction\":[{\"@type\":\"SearchAction\",\"target\":{\"@type\":\"EntryPoint\",\"urlTemplate\":\"https:\/\/www.soweb.io\/?s={search_term_string}\"},\"query-input\":{\"@type\":\"PropertyValueSpecification\",\"valueRequired\":true,\"valueName\":\"search_term_string\"}}],\"inLanguage\":\"en-GB\"},{\"@type\":\"Organization\",\"@id\":\"https:\/\/www.soweb.io\/#organization\",\"name\":\"Sowebio\",\"url\":\"https:\/\/www.soweb.io\/\",\"logo\":{\"@type\":\"ImageObject\",\"inLanguage\":\"en-GB\",\"@id\":\"https:\/\/www.soweb.io\/#\/schema\/logo\/image\/\",\"url\":\"https:\/\/www.soweb.io\/wp-content\/uploads\/sow-sow-logo_sowebio_transparent-240x49web.png\",\"contentUrl\":\"https:\/\/www.soweb.io\/wp-content\/uploads\/sow-sow-logo_sowebio_transparent-240x49web.png\",\"width\":240,\"height\":49,\"caption\":\"Sowebio\"},\"image\":{\"@id\":\"https:\/\/www.soweb.io\/#\/schema\/logo\/image\/\"}},{\"@type\":\"Person\",\"@id\":\"https:\/\/www.soweb.io\/#\/schema\/person\/7a6b36a2f19a428bd5a8792373e8e076\",\"name\":\"g001\",\"url\":\"https:\/\/www.soweb.io\/en\/author\/g001\/\"}]}<\/script>\n<!-- \/ Yoast SEO plugin. -->","yoast_head_json":{"title":"Prospection commerciale h\/f - Sowebio Strat\u00e9gie Digitale","description":"Vous recherchez un stage de Prospection commerciale en Charente-Maritime dans le cadre de vos \u00e9tudes ? Stage en distanciel ou pr\u00e9sentiel.","robots":{"index":"index","follow":"follow","max-snippet":"max-snippet:-1","max-image-preview":"max-image-preview:large","max-video-preview":"max-video-preview:-1"},"canonical":"https:\/\/www.soweb.io\/en\/stage-prospection-commerciale-h-f\/","og_locale":"en_GB","og_type":"article","og_title":"Prospection commerciale h\/f - Sowebio Strat\u00e9gie Digitale","og_description":"Vous recherchez un stage de Prospection commerciale en Charente-Maritime dans le cadre de vos \u00e9tudes ? Stage en distanciel ou pr\u00e9sentiel.","og_url":"https:\/\/www.soweb.io\/en\/stage-prospection-commerciale-h-f\/","og_site_name":"Sowebio Strat\u00e9gie Digitale","article_published_time":"2022-02-18T09:12:00+00:00","article_modified_time":"2022-03-22T06:55:03+00:00","og_image":[{"width":500,"height":333,"url":"https:\/\/www.soweb.io\/wp-content\/uploads\/sow-FB-stage_prospection-500x333web.jpg","type":"image\/jpeg"}],"author":"g001","twitter_card":"summary_large_image","twitter_misc":{"Written by":"g001","Estimated reading time":"3 minutes"},"schema":{"@context":"https:\/\/schema.org","@graph":[{"@type":"Article","@id":"https:\/\/www.soweb.io\/stage-prospection-commerciale-h-f\/#article","isPartOf":{"@id":"https:\/\/www.soweb.io\/stage-prospection-commerciale-h-f\/"},"author":{"name":"g001","@id":"https:\/\/www.soweb.io\/#\/schema\/person\/7a6b36a2f19a428bd5a8792373e8e076"},"headline":"Prospection commerciale h\/f","datePublished":"2022-02-18T09:12:00+00:00","dateModified":"2022-03-22T06:55:03+00:00","mainEntityOfPage":{"@id":"https:\/\/www.soweb.io\/stage-prospection-commerciale-h-f\/"},"wordCount":491,"publisher":{"@id":"https:\/\/www.soweb.io\/#organization"},"image":{"@id":"https:\/\/www.soweb.io\/stage-prospection-commerciale-h-f\/#primaryimage"},"thumbnailUrl":"https:\/\/www.soweb.io\/wp-content\/uploads\/sow-FB-stage_prospection-500x333web.jpg","articleSection":["Recrutement"],"inLanguage":"en-GB"},{"@type":"WebPage","@id":"https:\/\/www.soweb.io\/stage-prospection-commerciale-h-f\/","url":"https:\/\/www.soweb.io\/stage-prospection-commerciale-h-f\/","name":"Prospection commerciale h\/f - Sowebio Strat\u00e9gie Digitale","isPartOf":{"@id":"https:\/\/www.soweb.io\/#website"},"primaryImageOfPage":{"@id":"https:\/\/www.soweb.io\/stage-prospection-commerciale-h-f\/#primaryimage"},"image":{"@id":"https:\/\/www.soweb.io\/stage-prospection-commerciale-h-f\/#primaryimage"},"thumbnailUrl":"https:\/\/www.soweb.io\/wp-content\/uploads\/sow-FB-stage_prospection-500x333web.jpg","datePublished":"2022-02-18T09:12:00+00:00","dateModified":"2022-03-22T06:55:03+00:00","description":"Vous recherchez un stage de Prospection commerciale en Charente-Maritime dans le cadre de vos \u00e9tudes ? Stage en distanciel ou pr\u00e9sentiel.","breadcrumb":{"@id":"https:\/\/www.soweb.io\/stage-prospection-commerciale-h-f\/#breadcrumb"},"inLanguage":"en-GB","potentialAction":[{"@type":"ReadAction","target":["https:\/\/www.soweb.io\/stage-prospection-commerciale-h-f\/"]}]},{"@type":"ImageObject","inLanguage":"en-GB","@id":"https:\/\/www.soweb.io\/stage-prospection-commerciale-h-f\/#primaryimage","url":"https:\/\/www.soweb.io\/wp-content\/uploads\/sow-FB-stage_prospection-500x333web.jpg","contentUrl":"https:\/\/www.soweb.io\/wp-content\/uploads\/sow-FB-stage_prospection-500x333web.jpg","width":500,"height":333,"caption":"Stage prospection commerciale"},{"@type":"BreadcrumbList","@id":"https:\/\/www.soweb.io\/stage-prospection-commerciale-h-f\/#breadcrumb","itemListElement":[{"@type":"ListItem","position":1,"name":"Home","item":"https:\/\/www.soweb.io\/"},{"@type":"ListItem","position":2,"name":"Prospection commerciale h\/f"}]},{"@type":"WebSite","@id":"https:\/\/www.soweb.io\/#website","url":"https:\/\/www.soweb.io\/","name":"Sowebio Strat\u00e9gie Digitale","description":"","publisher":{"@id":"https:\/\/www.soweb.io\/#organization"},"potentialAction":[{"@type":"SearchAction","target":{"@type":"EntryPoint","urlTemplate":"https:\/\/www.soweb.io\/?s={search_term_string}"},"query-input":{"@type":"PropertyValueSpecification","valueRequired":true,"valueName":"search_term_string"}}],"inLanguage":"en-GB"},{"@type":"Organization","@id":"https:\/\/www.soweb.io\/#organization","name":"Sowebio","url":"https:\/\/www.soweb.io\/","logo":{"@type":"ImageObject","inLanguage":"en-GB","@id":"https:\/\/www.soweb.io\/#\/schema\/logo\/image\/","url":"https:\/\/www.soweb.io\/wp-content\/uploads\/sow-sow-logo_sowebio_transparent-240x49web.png","contentUrl":"https:\/\/www.soweb.io\/wp-content\/uploads\/sow-sow-logo_sowebio_transparent-240x49web.png","width":240,"height":49,"caption":"Sowebio"},"image":{"@id":"https:\/\/www.soweb.io\/#\/schema\/logo\/image\/"}},{"@type":"Person","@id":"https:\/\/www.soweb.io\/#\/schema\/person\/7a6b36a2f19a428bd5a8792373e8e076","name":"g001","url":"https:\/\/www.soweb.io\/en\/author\/g001\/"}]}},"_links":{"self":[{"href":"https:\/\/www.soweb.io\/en\/wp-json\/wp\/v2\/posts\/2907","targetHints":{"allow":["GET"]}}],"collection":[{"href":"https:\/\/www.soweb.io\/en\/wp-json\/wp\/v2\/posts"}],"about":[{"href":"https:\/\/www.soweb.io\/en\/wp-json\/wp\/v2\/types\/post"}],"author":[{"embeddable":true,"href":"https:\/\/www.soweb.io\/en\/wp-json\/wp\/v2\/users\/2"}],"replies":[{"embeddable":true,"href":"https:\/\/www.soweb.io\/en\/wp-json\/wp\/v2\/comments?post=2907"}],"version-history":[{"count":5,"href":"https:\/\/www.soweb.io\/en\/wp-json\/wp\/v2\/posts\/2907\/revisions"}],"predecessor-version":[{"id":3978,"href":"https:\/\/www.soweb.io\/en\/wp-json\/wp\/v2\/posts\/2907\/revisions\/3978"}],"wp:featuredmedia":[{"embeddable":true,"href":"https:\/\/www.soweb.io\/en\/wp-json\/wp\/v2\/media\/3027"}],"wp:attachment":[{"href":"https:\/\/www.soweb.io\/en\/wp-json\/wp\/v2\/media?parent=2907"}],"wp:term":[{"taxonomy":"category","embeddable":true,"href":"https:\/\/www.soweb.io\/en\/wp-json\/wp\/v2\/categories?post=2907"},{"taxonomy":"post_tag","embeddable":true,"href":"https:\/\/www.soweb.io\/en\/wp-json\/wp\/v2\/tags?post=2907"}],"curies":[{"name":"wp","href":"https:\/\/api.w.org\/{rel}","templated":true}]}}