{"id":3958,"date":"2022-03-22T07:31:51","date_gmt":"2022-03-22T06:31:51","guid":{"rendered":"https:\/\/www.soweb.io\/?p=3958"},"modified":"2022-03-22T07:46:09","modified_gmt":"2022-03-22T06:46:09","slug":"stage-commercial-h-f-loire-atlantique","status":"publish","type":"post","link":"https:\/\/www.soweb.io\/en\/stage-commercial-h-f-loire-atlantique\/","title":{"rendered":"Stage Commercial h\/f Loire Atlantique"},"content":{"rendered":"<div data-elementor-type=\"wp-post\" data-elementor-id=\"3958\" class=\"elementor elementor-3958\" data-elementor-post-type=\"post\">\n\t\t\t\t\t\t<section class=\"elementor-section elementor-top-section elementor-element elementor-element-a67d477 elementor-section-boxed elementor-section-height-default elementor-section-height-default\" data-id=\"a67d477\" data-element_type=\"section\" data-e-type=\"section\" data-settings=\"{&quot;background_background&quot;:&quot;classic&quot;}\">\n\t\t\t\t\t\t\t<div class=\"elementor-background-overlay\"><\/div>\n\t\t\t\t\t\t\t<div class=\"elementor-container elementor-column-gap-default\">\n\t\t\t\t\t<div class=\"elementor-column elementor-col-100 elementor-top-column elementor-element elementor-element-dba6bb2\" data-id=\"dba6bb2\" data-element_type=\"column\" data-e-type=\"column\">\n\t\t\t<div class=\"elementor-widget-wrap elementor-element-populated\">\n\t\t\t\t\t\t<div class=\"elementor-element elementor-element-075e446 elementor-widget elementor-widget-spacer\" data-id=\"075e446\" data-element_type=\"widget\" data-e-type=\"widget\" data-widget_type=\"spacer.default\">\n\t\t\t\t<div class=\"elementor-widget-container\">\n\t\t\t\t\t\t\t<div class=\"elementor-spacer\">\n\t\t\t<div class=\"elementor-spacer-inner\"><\/div>\n\t\t<\/div>\n\t\t\t\t\t\t<\/div>\n\t\t\t\t<\/div>\n\t\t\t\t<div class=\"elementor-element elementor-element-2c98229 elementor-widget elementor-widget-heading\" data-id=\"2c98229\" data-element_type=\"widget\" data-e-type=\"widget\" data-widget_type=\"heading.default\">\n\t\t\t\t<div class=\"elementor-widget-container\">\n\t\t\t\t\t<h2 class=\"elementor-heading-title elementor-size-default\">Stage Commercial  (h\/f) <\/h2>\t\t\t\t<\/div>\n\t\t\t\t<\/div>\n\t\t\t\t<div class=\"elementor-element elementor-element-1634b0f elementor-widget elementor-widget-heading\" data-id=\"1634b0f\" data-element_type=\"widget\" data-e-type=\"widget\" data-widget_type=\"heading.default\">\n\t\t\t\t<div class=\"elementor-widget-container\">\n\t\t\t\t\t<h2 class=\"elementor-heading-title elementor-size-default\">Loire-Atlantique <\/h2>\t\t\t\t<\/div>\n\t\t\t\t<\/div>\n\t\t\t\t<div class=\"elementor-element elementor-element-10da8cf elementor-widget elementor-widget-text-editor\" data-id=\"10da8cf\" data-element_type=\"widget\" data-e-type=\"widget\" data-widget_type=\"text-editor.default\">\n\t\t\t\t<div class=\"elementor-widget-container\">\n\t\t\t\t\t\t\t\t\t<p><em>Consultez \u00e9galement l&rsquo; <a href=\"https:\/\/www.soweb.io\/stage-commercial-h-f\/\">Annonce Stage commercial Charente-Maritime<\/a><\/em><\/p>\t\t\t\t\t\t\t\t<\/div>\n\t\t\t\t<\/div>\n\t\t\t\t<div class=\"elementor-element elementor-element-2209496 elementor-widget elementor-widget-spacer\" data-id=\"2209496\" data-element_type=\"widget\" data-e-type=\"widget\" data-widget_type=\"spacer.default\">\n\t\t\t\t<div class=\"elementor-widget-container\">\n\t\t\t\t\t\t\t<div class=\"elementor-spacer\">\n\t\t\t<div class=\"elementor-spacer-inner\"><\/div>\n\t\t<\/div>\n\t\t\t\t\t\t<\/div>\n\t\t\t\t<\/div>\n\t\t\t\t<div class=\"elementor-element elementor-element-7e88214 elementor-widget elementor-widget-text-editor\" data-id=\"7e88214\" data-element_type=\"widget\" data-e-type=\"widget\" data-widget_type=\"text-editor.default\">\n\t\t\t\t<div class=\"elementor-widget-container\">\n\t\t\t\t\t\t\t\t\t<p><strong>Sowebio Nantes,<\/strong> sp\u00e9cialis\u00e9e dans la <strong>cr\u00e9ation de sites internet<\/strong> et de <strong>marketing de contenu<\/strong>, recherche un <strong>stagiaire commercial<\/strong> pour une p\u00e9riode de 4 \u00e0 6 mois d\u00e8s avril 2022. (stage r\u00e9mun\u00e9r\u00e9)<\/p>\n<p>Vous \u00eates <strong>\u00e9tudiant<\/strong> dans le <strong>domaine commercial<\/strong> de niveau Bac+2\/3 et vous&nbsp; <strong>recherchez un Stage<\/strong> pour valider votre cursus&nbsp;<strong>&nbsp;<\/strong> ? Vous ma\u00eetrisez les <strong>techniques de n\u00e9gociations commerciales<\/strong> et avez une aisance relationnelle naturelle vous permettant de d\u00e9celer le besoin du client.<\/p>\n<div style=\"position: absolute; left: -99999px;\">rechercher un Stage pour valider votre cursus en marketing et communication.<\/div>\n<div style=\"position: absolute; left: -99999px;\">\n<ul>\n<li>R\u00e9diger quotidiennement des contenus autour de th\u00e9matiques touchant \u00e0 l\u2019immobilier, aux finances personnelles, \u00e0 la gestion de patrimoine, \u00e0 la fiscalit\u00e9 \u2026<\/li>\n<li>Enrichir, corriger et optimiser le travail du p\u00f4le r\u00e9daction<\/li>\n<\/ul>\n<\/div>\t\t\t\t\t\t\t\t<\/div>\n\t\t\t\t<\/div>\n\t\t\t\t<div class=\"elementor-element elementor-element-612c167 elementor-widget elementor-widget-text-editor\" data-id=\"612c167\" data-element_type=\"widget\" data-e-type=\"widget\" data-widget_type=\"text-editor.default\">\n\t\t\t\t<div class=\"elementor-widget-container\">\n\t\t\t\t\t\t\t\t\t<p>Id\u00e9alement, vous \u00eates dans un cursus qui vous permet en septembre 2022 ou 2023 de poursuivre vos \u00e9tudes en contrat de professionnalisation ou apprentissage et d&rsquo;int\u00e9grer notre <strong>Soweb.io<\/strong><\/p>\t\t\t\t\t\t\t\t<\/div>\n\t\t\t\t<\/div>\n\t\t\t\t<div class=\"elementor-element elementor-element-c7db17b elementor-widget elementor-widget-heading\" data-id=\"c7db17b\" data-element_type=\"widget\" data-e-type=\"widget\" data-widget_type=\"heading.default\">\n\t\t\t\t<div class=\"elementor-widget-container\">\n\t\t\t\t\t<h3 class=\"elementor-heading-title elementor-size-default\">Missions confi\u00e9es lors du stage  de Commercial<\/h3>\t\t\t\t<\/div>\n\t\t\t\t<\/div>\n\t\t\t\t<div class=\"elementor-element elementor-element-f1410ee elementor-widget elementor-widget-text-editor\" data-id=\"f1410ee\" data-element_type=\"widget\" data-e-type=\"widget\" data-widget_type=\"text-editor.default\">\n\t\t\t\t<div class=\"elementor-widget-container\">\n\t\t\t\t\t\t\t\t\t<div style=\"position: absolute; left: -99999px;\">rechercher un Stage pour valider votre cursus en marketing et communication.<\/div><div style=\"position: absolute; left: -99999px;\"><ul><li>R\u00e9diger quotidiennement des contenus autour de th\u00e9matiques touchant \u00e0 l\u2019immobilier, aux finances personnelles, \u00e0 la gestion de patrimoine, \u00e0 la fiscalit\u00e9 \u2026<\/li><li>Enrichir, corriger et optimiser le travail du p\u00f4le r\u00e9daction<\/li><\/ul><\/div><ul><li>Cr\u00e9er une <strong>base de donn\u00e9es de prospection<\/strong> <strong>commerciale<\/strong>, la tenir \u00e0 jour et en assurer les relances<\/li><li>R\u00e9aliser des op\u00e9rations quotidiennes de <strong>prospection t\u00e9l\u00e9phonique et physique<br \/><\/strong><\/li><li>Accompagner les commerciaux en rendez-vous <\/li><li>R\u00e9diger des devis de qualit\u00e9 en ad\u00e9quation avec le r\u00e9el besoin du client<\/li><li>Pr\u00e9senter la proposition commerciale aux prospects ou clients avec le support du commercial<\/li><li>Suivre la satisfaction des <strong>clients Sowebio<\/strong><\/li><\/ul>\t\t\t\t\t\t\t\t<\/div>\n\t\t\t\t<\/div>\n\t\t\t\t<div class=\"elementor-element elementor-element-d6651ab elementor-widget elementor-widget-spacer\" data-id=\"d6651ab\" data-element_type=\"widget\" data-e-type=\"widget\" data-widget_type=\"spacer.default\">\n\t\t\t\t<div class=\"elementor-widget-container\">\n\t\t\t\t\t\t\t<div class=\"elementor-spacer\">\n\t\t\t<div class=\"elementor-spacer-inner\"><\/div>\n\t\t<\/div>\n\t\t\t\t\t\t<\/div>\n\t\t\t\t<\/div>\n\t\t\t\t<div class=\"elementor-element elementor-element-596fcb1 elementor-widget elementor-widget-heading\" data-id=\"596fcb1\" data-element_type=\"widget\" data-e-type=\"widget\" data-widget_type=\"heading.default\">\n\t\t\t\t<div class=\"elementor-widget-container\">\n\t\t\t\t\t<h3 class=\"elementor-heading-title elementor-size-default\">Profil recherch\u00e9<\/h3>\t\t\t\t<\/div>\n\t\t\t\t<\/div>\n\t\t\t\t<div class=\"elementor-element elementor-element-1f2b174 elementor-widget elementor-widget-text-editor\" data-id=\"1f2b174\" data-element_type=\"widget\" data-e-type=\"widget\" data-widget_type=\"text-editor.default\">\n\t\t\t\t<div class=\"elementor-widget-container\">\n\t\t\t\t\t\t\t\t\t<p>Vous \u00eates passionn\u00e9(e) par l\u2019univers du <strong>web<\/strong> et les <strong>r\u00e9seaux sociaux<\/strong>. Vous \u00eates dynamique, d\u00e9termin\u00e9(e) et faites preuve d&rsquo;<strong>autonomie<\/strong>, de <strong>pers\u00e9v\u00e9rance<\/strong> et de <strong>rigueur<\/strong>. Vous \u00eates <strong>capable de travailler seul(e) et \u00e9galement en distanciel, sur une mission confi\u00e9e.<\/strong> Vous ne vous d\u00e9couragez pas apr\u00e8s une journ\u00e9e bord\u00e9e de refus,\u00a0 car vous savez que chaque jour est pour vous une nouvelle chance d&rsquo;atteindre vos objectifs. Vous fa\u00eetes preuve de constance et savez g\u00e9rer la pression.\u00a0 Vous habitez <strong>en Charente-Maritime. <br \/><\/strong><\/p><ul><li>Profil commercial, aisance \u00e0 l&rsquo;oral et \u00e0 l&rsquo;\u00e9crit<\/li><li>Sens de l&rsquo;organisation et de la planification<\/li><li>Bac+2\/3 (BTS, DUT, licence, Bachelor)<\/li><li>Cursus avec sp\u00e9cialisation Commerciale<\/li><li>Anglais minimum B1<\/li><\/ul>\t\t\t\t\t\t\t\t<\/div>\n\t\t\t\t<\/div>\n\t\t\t\t<div class=\"elementor-element elementor-element-693f9ab elementor-widget elementor-widget-heading\" data-id=\"693f9ab\" data-element_type=\"widget\" data-e-type=\"widget\" data-widget_type=\"heading.default\">\n\t\t\t\t<div class=\"elementor-widget-container\">\n\t\t\t\t\t<h3 class=\"elementor-heading-title elementor-size-default\">Reporting<\/h3>\t\t\t\t<\/div>\n\t\t\t\t<\/div>\n\t\t\t\t<div class=\"elementor-element elementor-element-aed5b18 elementor-widget elementor-widget-text-editor\" data-id=\"aed5b18\" data-element_type=\"widget\" data-e-type=\"widget\" data-widget_type=\"text-editor.default\">\n\t\t\t\t<div class=\"elementor-widget-container\">\n\t\t\t\t\t\t\t\t\t<p>Reporting d\u2019activit\u00e9 journalier :<\/p><ul><li>mise \u00e0 jour de la base de donn\u00e9es de prospection<\/li><li>suivi journalier de l\u2019activit\u00e9<\/li><\/ul>\t\t\t\t\t\t\t\t<\/div>\n\t\t\t\t<\/div>\n\t\t\t\t<div class=\"elementor-element elementor-element-23177cd elementor-widget elementor-widget-heading\" data-id=\"23177cd\" data-element_type=\"widget\" data-e-type=\"widget\" data-widget_type=\"heading.default\">\n\t\t\t\t<div class=\"elementor-widget-container\">\n\t\t\t\t\t<h3 class=\"elementor-heading-title elementor-size-default\">Informations relatives au stage <\/h3>\t\t\t\t<\/div>\n\t\t\t\t<\/div>\n\t\t\t\t<div class=\"elementor-element elementor-element-df670a3 elementor-widget elementor-widget-text-editor\" data-id=\"df670a3\" data-element_type=\"widget\" data-e-type=\"widget\" data-widget_type=\"text-editor.default\">\n\t\t\t\t<div class=\"elementor-widget-container\">\n\t\t\t\t\t\t\t\t\t<p>Dur\u00e9e du stage : <em>4 mois minimum \u00e0 6 mois <\/em><\/p><p>Date de d\u00e9but pr\u00e9vue : D\u00e8s que possible<\/p><p>Type d&#8217;emploi : Temps complet<\/p><p>Temps de travail de 35 Heures\/semaine<\/p><ul><li style=\"list-style-type: none;\">\u00a0<\/li><\/ul>\t\t\t\t\t\t\t\t<\/div>\n\t\t\t\t<\/div>\n\t\t\t\t<div class=\"elementor-element elementor-element-d79453c elementor-widget elementor-widget-heading\" data-id=\"d79453c\" data-element_type=\"widget\" data-e-type=\"widget\" data-widget_type=\"heading.default\">\n\t\t\t\t<div class=\"elementor-widget-container\">\n\t\t\t\t\t<h3 class=\"elementor-heading-title elementor-size-default\">Pour se rencontrer<\/h3>\t\t\t\t<\/div>\n\t\t\t\t<\/div>\n\t\t\t\t<div class=\"elementor-element elementor-element-52b9b4c elementor-widget elementor-widget-text-editor\" data-id=\"52b9b4c\" data-element_type=\"widget\" data-e-type=\"widget\" data-widget_type=\"text-editor.default\">\n\t\t\t\t<div class=\"elementor-widget-container\">\n\t\t\t\t\t\t\t\t\t<p>Envoyez-nous votre CV et votre lettre de motivation via le formulaire<\/p>\t\t\t\t\t\t\t\t<\/div>\n\t\t\t\t<\/div>\n\t\t\t\t\t<\/div>\n\t\t<\/div>\n\t\t\t\t\t<\/div>\n\t\t<\/section>\n\t\t\t\t<section class=\"elementor-section elementor-top-section elementor-element elementor-element-f25f437 elementor-section-boxed elementor-section-height-default elementor-section-height-default\" data-id=\"f25f437\" data-element_type=\"section\" data-e-type=\"section\" data-settings=\"{&quot;background_background&quot;:&quot;classic&quot;}\">\n\t\t\t\t\t\t\t<div class=\"elementor-background-overlay\"><\/div>\n\t\t\t\t\t\t\t<div class=\"elementor-container elementor-column-gap-default\">\n\t\t\t\t\t<div class=\"elementor-column elementor-col-100 elementor-top-column elementor-element elementor-element-ab4199f\" data-id=\"ab4199f\" data-element_type=\"column\" data-e-type=\"column\">\n\t\t\t<div class=\"elementor-widget-wrap elementor-element-populated\">\n\t\t\t\t\t\t<div class=\"elementor-element elementor-element-0a49c85 elementor-widget elementor-widget-text-editor\" data-id=\"0a49c85\" data-element_type=\"widget\" data-e-type=\"widget\" data-widget_type=\"text-editor.default\">\n\t\t\t\t<div class=\"elementor-widget-container\">\n\t\t\t\t\t\t\t\t\t<p>\n<div class=\"wpcf7 no-js\" id=\"wpcf7-f3802-o1\" lang=\"fr-FR\" dir=\"ltr\" data-wpcf7-id=\"3802\">\n<div class=\"screen-reader-response\"><p role=\"status\" aria-live=\"polite\" aria-atomic=\"true\"><\/p> <ul><\/ul><\/div>\n<form action=\"\/en\/wp-json\/wp\/v2\/posts\/3958#wpcf7-f3802-o1\" method=\"post\" class=\"wpcf7-form init\" aria-label=\"Formulaire de contact\" enctype=\"multipart\/form-data\" novalidate=\"novalidate\" data-status=\"init\" data-trp-original-action=\"\/en\/wp-json\/wp\/v2\/posts\/3958#wpcf7-f3802-o1\">\n<div style=\"display: none;\">\n<input type=\"hidden\" name=\"_wpcf7\" value=\"3802\" \/>\n<input type=\"hidden\" name=\"_wpcf7_version\" value=\"6.0.6\" \/>\n<input type=\"hidden\" name=\"_wpcf7_locale\" value=\"fr_FR\" \/>\n<input type=\"hidden\" name=\"_wpcf7_unit_tag\" value=\"wpcf7-f3802-o1\" \/>\n<input type=\"hidden\" name=\"_wpcf7_container_post\" value=\"0\" \/>\n<input type=\"hidden\" name=\"_wpcf7_posted_data_hash\" value=\"\" \/>\n<\/div>\n<p><label> Nom et pr\u00e9nom<a style=\"color:red\">*<\/a> <span class=\"wpcf7-form-control-wrap\" data-name=\"your-name\"><input size=\"40\" maxlength=\"400\" class=\"wpcf7-form-control wpcf7-text wpcf7-validates-as-required\" aria-required=\"true\" aria-invalid=\"false\" value=\"\" type=\"text\" name=\"your-name\" \/><\/span> <\/label>\n<\/p>\n<p><label> Email <a style=\"color:red\">*<\/a> <span class=\"wpcf7-form-control-wrap\" data-name=\"your-email\"><input size=\"40\" maxlength=\"400\" class=\"wpcf7-form-control wpcf7-email wpcf7-validates-as-required wpcf7-text wpcf7-validates-as-email\" aria-required=\"true\" aria-invalid=\"false\" value=\"\" type=\"email\" name=\"your-email\" \/><\/span> <\/label>\n<\/p>\n<p><label> Phone <a style=\"color:red\">*<\/a> <span class=\"wpcf7-form-control-wrap\" data-name=\"your-phone\"><input size=\"14\" maxlength=\"400\" class=\"wpcf7-form-control wpcf7-text wpcf7-validates-as-required\" aria-required=\"true\" aria-invalid=\"false\" value=\"\" type=\"text\" name=\"your-phone\" \/><\/span> <\/label>\n<\/p>\n<p><label> CV (pdf) <span class=\"wpcf7-form-control-wrap\" data-name=\"your-cv\"><input size=\"40\" class=\"wpcf7-form-control wpcf7-file\" accept=\".pdf\" aria-invalid=\"false\" type=\"file\" name=\"your-cv\" \/><\/span> <\/label>\n<\/p>\n<p><label> Lettre de motivation (pdf) <span class=\"wpcf7-form-control-wrap\" data-name=\"your-letter\"><input size=\"40\" class=\"wpcf7-form-control wpcf7-file\" accept=\".pdf\" aria-invalid=\"false\" type=\"file\" name=\"your-letter\" \/><\/span> <\/label>\n<\/p>\n<p><label> Message <span class=\"wpcf7-form-control-wrap\" data-name=\"your-message\"><textarea cols=\"40\" rows=\"10\" maxlength=\"2000\" class=\"wpcf7-form-control wpcf7-textarea\" aria-invalid=\"false\" name=\"your-message\"><\/textarea><\/span> <\/label>\n<\/p>\n<p><label> <a style=\"color:red\">*<\/a>Required <\/label>\n<\/p>\n<p><span class=\"wpcf7-form-control-wrap\" data-name=\"your-gdpr\"><span class=\"wpcf7-form-control wpcf7-acceptance\"><span class=\"wpcf7-list-item\"><label class=\" translation-block\">I agree to the website <a href=\"https:\/\/www.soweb.io\/confidentialite\" target=\"_blank\">privacy policy.<\/a><\/label><\/span><\/span><\/span>\n<\/p>\n<p><span id=\"ai1ic-5QcpZ\" data-toggle=\"\" class=\"cf7ic-loader\">Loading&#8230;<\/span>\n<\/p>\n<p><input class=\"wpcf7-form-control wpcf7-submit has-spinner\" type=\"submit\" value=\"Send\" \/>\n<\/p><div class=\"wpcf7-response-output\" aria-hidden=\"true\"><\/div>\n<input type=\"hidden\" name=\"trp-form-language\" value=\"en\"\/><\/form>\n<\/div>\n<\/p>\t\t\t\t\t\t\t\t<\/div>\n\t\t\t\t<\/div>\n\t\t\t\t\t<\/div>\n\t\t<\/div>\n\t\t\t\t\t<\/div>\n\t\t<\/section>\n\t\t\t\t<section class=\"elementor-section elementor-top-section elementor-element elementor-element-3c153b8 elementor-section-boxed elementor-section-height-default elementor-section-height-default\" data-id=\"3c153b8\" data-element_type=\"section\" data-e-type=\"section\">\n\t\t\t\t\t\t<div class=\"elementor-container elementor-column-gap-default\">\n\t\t\t\t\t<div class=\"elementor-column elementor-col-100 elementor-top-column elementor-element elementor-element-1f79f8a\" data-id=\"1f79f8a\" data-element_type=\"column\" data-e-type=\"column\">\n\t\t\t<div class=\"elementor-widget-wrap\">\n\t\t\t\t\t\t\t<\/div>\n\t\t<\/div>\n\t\t\t\t\t<\/div>\n\t\t<\/section>\n\t\t\t\t<\/div>","protected":false},"excerpt":{"rendered":"<p>Stage Commercial (h\/f) Loire-Atlantique Consultez \u00e9galement l&rsquo; Annonce Stage commercial Charente-Maritime Sowebio Nantes, sp\u00e9cialis\u00e9e dans la cr\u00e9ation de sites internet et de marketing de contenu, recherche un stagiaire commercial pour une p\u00e9riode de 4 \u00e0 6 mois d\u00e8s avril 2022. (stage r\u00e9mun\u00e9r\u00e9) Vous \u00eates \u00e9tudiant dans le domaine commercial de niveau Bac+2\/3 et vous&nbsp; recherchez [&hellip;]<\/p>","protected":false},"author":2,"featured_media":3841,"comment_status":"closed","ping_status":"closed","sticky":false,"template":"","format":"standard","meta":{"footnotes":""},"categories":[56],"tags":[],"class_list":["post-3958","post","type-post","status-publish","format-standard","has-post-thumbnail","hentry","category-recrutement"],"yoast_head":"<!-- This site is optimized with the Yoast SEO plugin v25.0 - https:\/\/yoast.com\/wordpress\/plugins\/seo\/ -->\n<title>Stage Commercial h\/f Loire Atlantique - Sowebio Strat\u00e9gie Digitale<\/title>\n<meta name=\"description\" content=\"Vous recherchez un stage de Prospection commerciale en Charente-Maritime dans le cadre de vos \u00e9tudes ? Stage en distanciel ou pr\u00e9sentiel.\" \/>\n<meta name=\"robots\" content=\"index, follow, max-snippet:-1, max-image-preview:large, max-video-preview:-1\" \/>\n<link rel=\"canonical\" href=\"https:\/\/www.soweb.io\/en\/stage-commercial-h-f-loire-atlantique\/\" \/>\n<meta property=\"og:locale\" content=\"en_GB\" \/>\n<meta property=\"og:type\" content=\"article\" \/>\n<meta property=\"og:title\" content=\"Stage Commercial h\/f Loire Atlantique - Sowebio Strat\u00e9gie Digitale\" \/>\n<meta property=\"og:description\" content=\"Vous recherchez un stage de Prospection commerciale en Charente-Maritime dans le cadre de vos \u00e9tudes ? Stage en distanciel ou pr\u00e9sentiel.\" \/>\n<meta property=\"og:url\" content=\"https:\/\/www.soweb.io\/en\/stage-commercial-h-f-loire-atlantique\/\" \/>\n<meta property=\"og:site_name\" content=\"Sowebio Strat\u00e9gie Digitale\" \/>\n<meta property=\"article:published_time\" content=\"2022-03-22T06:31:51+00:00\" \/>\n<meta property=\"article:modified_time\" content=\"2022-03-22T06:46:09+00:00\" \/>\n<meta property=\"og:image\" content=\"https:\/\/www.soweb.io\/wp-content\/uploads\/sow-stage_commerciale-500x377web.jpg\" \/>\n\t<meta property=\"og:image:width\" content=\"500\" \/>\n\t<meta property=\"og:image:height\" content=\"377\" \/>\n\t<meta property=\"og:image:type\" content=\"image\/jpeg\" \/>\n<meta name=\"author\" content=\"g001\" \/>\n<meta name=\"twitter:card\" content=\"summary_large_image\" \/>\n<meta name=\"twitter:label1\" content=\"Written by\" \/>\n\t<meta name=\"twitter:data1\" content=\"g001\" \/>\n\t<meta name=\"twitter:label2\" content=\"Estimated reading time\" \/>\n\t<meta name=\"twitter:data2\" content=\"3 minutes\" \/>\n<script type=\"application\/ld+json\" class=\"yoast-schema-graph\">{\"@context\":\"https:\/\/schema.org\",\"@graph\":[{\"@type\":\"Article\",\"@id\":\"https:\/\/www.soweb.io\/stage-commercial-h-f-loire-atlantique\/#article\",\"isPartOf\":{\"@id\":\"https:\/\/www.soweb.io\/stage-commercial-h-f-loire-atlantique\/\"},\"author\":{\"name\":\"g001\",\"@id\":\"https:\/\/www.soweb.io\/#\/schema\/person\/7a6b36a2f19a428bd5a8792373e8e076\"},\"headline\":\"Stage Commercial h\/f Loire Atlantique\",\"datePublished\":\"2022-03-22T06:31:51+00:00\",\"dateModified\":\"2022-03-22T06:46:09+00:00\",\"mainEntityOfPage\":{\"@id\":\"https:\/\/www.soweb.io\/stage-commercial-h-f-loire-atlantique\/\"},\"wordCount\":485,\"publisher\":{\"@id\":\"https:\/\/www.soweb.io\/#organization\"},\"image\":{\"@id\":\"https:\/\/www.soweb.io\/stage-commercial-h-f-loire-atlantique\/#primaryimage\"},\"thumbnailUrl\":\"https:\/\/www.soweb.io\/wp-content\/uploads\/sow-stage_commerciale-500x377web.jpg\",\"articleSection\":[\"Recrutement\"],\"inLanguage\":\"en-GB\"},{\"@type\":\"WebPage\",\"@id\":\"https:\/\/www.soweb.io\/stage-commercial-h-f-loire-atlantique\/\",\"url\":\"https:\/\/www.soweb.io\/stage-commercial-h-f-loire-atlantique\/\",\"name\":\"Stage Commercial h\/f Loire Atlantique - Sowebio Strat\u00e9gie Digitale\",\"isPartOf\":{\"@id\":\"https:\/\/www.soweb.io\/#website\"},\"primaryImageOfPage\":{\"@id\":\"https:\/\/www.soweb.io\/stage-commercial-h-f-loire-atlantique\/#primaryimage\"},\"image\":{\"@id\":\"https:\/\/www.soweb.io\/stage-commercial-h-f-loire-atlantique\/#primaryimage\"},\"thumbnailUrl\":\"https:\/\/www.soweb.io\/wp-content\/uploads\/sow-stage_commerciale-500x377web.jpg\",\"datePublished\":\"2022-03-22T06:31:51+00:00\",\"dateModified\":\"2022-03-22T06:46:09+00:00\",\"description\":\"Vous recherchez un stage de Prospection commerciale en Charente-Maritime dans le cadre de vos \u00e9tudes ? Stage en distanciel ou pr\u00e9sentiel.\",\"breadcrumb\":{\"@id\":\"https:\/\/www.soweb.io\/stage-commercial-h-f-loire-atlantique\/#breadcrumb\"},\"inLanguage\":\"en-GB\",\"potentialAction\":[{\"@type\":\"ReadAction\",\"target\":[\"https:\/\/www.soweb.io\/stage-commercial-h-f-loire-atlantique\/\"]}]},{\"@type\":\"ImageObject\",\"inLanguage\":\"en-GB\",\"@id\":\"https:\/\/www.soweb.io\/stage-commercial-h-f-loire-atlantique\/#primaryimage\",\"url\":\"https:\/\/www.soweb.io\/wp-content\/uploads\/sow-stage_commerciale-500x377web.jpg\",\"contentUrl\":\"https:\/\/www.soweb.io\/wp-content\/uploads\/sow-stage_commerciale-500x377web.jpg\",\"width\":500,\"height\":377,\"caption\":\"Stage Commercial 17\"},{\"@type\":\"BreadcrumbList\",\"@id\":\"https:\/\/www.soweb.io\/stage-commercial-h-f-loire-atlantique\/#breadcrumb\",\"itemListElement\":[{\"@type\":\"ListItem\",\"position\":1,\"name\":\"Home\",\"item\":\"https:\/\/www.soweb.io\/\"},{\"@type\":\"ListItem\",\"position\":2,\"name\":\"Stage Commercial h\/f Loire Atlantique\"}]},{\"@type\":\"WebSite\",\"@id\":\"https:\/\/www.soweb.io\/#website\",\"url\":\"https:\/\/www.soweb.io\/\",\"name\":\"Sowebio Strat\u00e9gie Digitale\",\"description\":\"\",\"publisher\":{\"@id\":\"https:\/\/www.soweb.io\/#organization\"},\"potentialAction\":[{\"@type\":\"SearchAction\",\"target\":{\"@type\":\"EntryPoint\",\"urlTemplate\":\"https:\/\/www.soweb.io\/?s={search_term_string}\"},\"query-input\":{\"@type\":\"PropertyValueSpecification\",\"valueRequired\":true,\"valueName\":\"search_term_string\"}}],\"inLanguage\":\"en-GB\"},{\"@type\":\"Organization\",\"@id\":\"https:\/\/www.soweb.io\/#organization\",\"name\":\"Sowebio\",\"url\":\"https:\/\/www.soweb.io\/\",\"logo\":{\"@type\":\"ImageObject\",\"inLanguage\":\"en-GB\",\"@id\":\"https:\/\/www.soweb.io\/#\/schema\/logo\/image\/\",\"url\":\"https:\/\/www.soweb.io\/wp-content\/uploads\/sow-sow-logo_sowebio_transparent-240x49web.png\",\"contentUrl\":\"https:\/\/www.soweb.io\/wp-content\/uploads\/sow-sow-logo_sowebio_transparent-240x49web.png\",\"width\":240,\"height\":49,\"caption\":\"Sowebio\"},\"image\":{\"@id\":\"https:\/\/www.soweb.io\/#\/schema\/logo\/image\/\"}},{\"@type\":\"Person\",\"@id\":\"https:\/\/www.soweb.io\/#\/schema\/person\/7a6b36a2f19a428bd5a8792373e8e076\",\"name\":\"g001\",\"url\":\"https:\/\/www.soweb.io\/en\/author\/g001\/\"}]}<\/script>\n<!-- \/ Yoast SEO plugin. -->","yoast_head_json":{"title":"Stage Commercial h\/f Loire Atlantique - Sowebio Strat\u00e9gie Digitale","description":"Vous recherchez un stage de Prospection commerciale en Charente-Maritime dans le cadre de vos \u00e9tudes ? Stage en distanciel ou pr\u00e9sentiel.","robots":{"index":"index","follow":"follow","max-snippet":"max-snippet:-1","max-image-preview":"max-image-preview:large","max-video-preview":"max-video-preview:-1"},"canonical":"https:\/\/www.soweb.io\/en\/stage-commercial-h-f-loire-atlantique\/","og_locale":"en_GB","og_type":"article","og_title":"Stage Commercial h\/f Loire Atlantique - Sowebio Strat\u00e9gie Digitale","og_description":"Vous recherchez un stage de Prospection commerciale en Charente-Maritime dans le cadre de vos \u00e9tudes ? Stage en distanciel ou pr\u00e9sentiel.","og_url":"https:\/\/www.soweb.io\/en\/stage-commercial-h-f-loire-atlantique\/","og_site_name":"Sowebio Strat\u00e9gie Digitale","article_published_time":"2022-03-22T06:31:51+00:00","article_modified_time":"2022-03-22T06:46:09+00:00","og_image":[{"width":500,"height":377,"url":"https:\/\/www.soweb.io\/wp-content\/uploads\/sow-stage_commerciale-500x377web.jpg","type":"image\/jpeg"}],"author":"g001","twitter_card":"summary_large_image","twitter_misc":{"Written by":"g001","Estimated reading time":"3 minutes"},"schema":{"@context":"https:\/\/schema.org","@graph":[{"@type":"Article","@id":"https:\/\/www.soweb.io\/stage-commercial-h-f-loire-atlantique\/#article","isPartOf":{"@id":"https:\/\/www.soweb.io\/stage-commercial-h-f-loire-atlantique\/"},"author":{"name":"g001","@id":"https:\/\/www.soweb.io\/#\/schema\/person\/7a6b36a2f19a428bd5a8792373e8e076"},"headline":"Stage Commercial h\/f Loire Atlantique","datePublished":"2022-03-22T06:31:51+00:00","dateModified":"2022-03-22T06:46:09+00:00","mainEntityOfPage":{"@id":"https:\/\/www.soweb.io\/stage-commercial-h-f-loire-atlantique\/"},"wordCount":485,"publisher":{"@id":"https:\/\/www.soweb.io\/#organization"},"image":{"@id":"https:\/\/www.soweb.io\/stage-commercial-h-f-loire-atlantique\/#primaryimage"},"thumbnailUrl":"https:\/\/www.soweb.io\/wp-content\/uploads\/sow-stage_commerciale-500x377web.jpg","articleSection":["Recrutement"],"inLanguage":"en-GB"},{"@type":"WebPage","@id":"https:\/\/www.soweb.io\/stage-commercial-h-f-loire-atlantique\/","url":"https:\/\/www.soweb.io\/stage-commercial-h-f-loire-atlantique\/","name":"Stage Commercial h\/f Loire Atlantique - Sowebio Strat\u00e9gie Digitale","isPartOf":{"@id":"https:\/\/www.soweb.io\/#website"},"primaryImageOfPage":{"@id":"https:\/\/www.soweb.io\/stage-commercial-h-f-loire-atlantique\/#primaryimage"},"image":{"@id":"https:\/\/www.soweb.io\/stage-commercial-h-f-loire-atlantique\/#primaryimage"},"thumbnailUrl":"https:\/\/www.soweb.io\/wp-content\/uploads\/sow-stage_commerciale-500x377web.jpg","datePublished":"2022-03-22T06:31:51+00:00","dateModified":"2022-03-22T06:46:09+00:00","description":"Vous recherchez un stage de Prospection commerciale en Charente-Maritime dans le cadre de vos \u00e9tudes ? Stage en distanciel ou pr\u00e9sentiel.","breadcrumb":{"@id":"https:\/\/www.soweb.io\/stage-commercial-h-f-loire-atlantique\/#breadcrumb"},"inLanguage":"en-GB","potentialAction":[{"@type":"ReadAction","target":["https:\/\/www.soweb.io\/stage-commercial-h-f-loire-atlantique\/"]}]},{"@type":"ImageObject","inLanguage":"en-GB","@id":"https:\/\/www.soweb.io\/stage-commercial-h-f-loire-atlantique\/#primaryimage","url":"https:\/\/www.soweb.io\/wp-content\/uploads\/sow-stage_commerciale-500x377web.jpg","contentUrl":"https:\/\/www.soweb.io\/wp-content\/uploads\/sow-stage_commerciale-500x377web.jpg","width":500,"height":377,"caption":"Stage Commercial 17"},{"@type":"BreadcrumbList","@id":"https:\/\/www.soweb.io\/stage-commercial-h-f-loire-atlantique\/#breadcrumb","itemListElement":[{"@type":"ListItem","position":1,"name":"Home","item":"https:\/\/www.soweb.io\/"},{"@type":"ListItem","position":2,"name":"Stage Commercial h\/f Loire Atlantique"}]},{"@type":"WebSite","@id":"https:\/\/www.soweb.io\/#website","url":"https:\/\/www.soweb.io\/","name":"Sowebio Strat\u00e9gie Digitale","description":"","publisher":{"@id":"https:\/\/www.soweb.io\/#organization"},"potentialAction":[{"@type":"SearchAction","target":{"@type":"EntryPoint","urlTemplate":"https:\/\/www.soweb.io\/?s={search_term_string}"},"query-input":{"@type":"PropertyValueSpecification","valueRequired":true,"valueName":"search_term_string"}}],"inLanguage":"en-GB"},{"@type":"Organization","@id":"https:\/\/www.soweb.io\/#organization","name":"Sowebio","url":"https:\/\/www.soweb.io\/","logo":{"@type":"ImageObject","inLanguage":"en-GB","@id":"https:\/\/www.soweb.io\/#\/schema\/logo\/image\/","url":"https:\/\/www.soweb.io\/wp-content\/uploads\/sow-sow-logo_sowebio_transparent-240x49web.png","contentUrl":"https:\/\/www.soweb.io\/wp-content\/uploads\/sow-sow-logo_sowebio_transparent-240x49web.png","width":240,"height":49,"caption":"Sowebio"},"image":{"@id":"https:\/\/www.soweb.io\/#\/schema\/logo\/image\/"}},{"@type":"Person","@id":"https:\/\/www.soweb.io\/#\/schema\/person\/7a6b36a2f19a428bd5a8792373e8e076","name":"g001","url":"https:\/\/www.soweb.io\/en\/author\/g001\/"}]}},"_links":{"self":[{"href":"https:\/\/www.soweb.io\/en\/wp-json\/wp\/v2\/posts\/3958","targetHints":{"allow":["GET"]}}],"collection":[{"href":"https:\/\/www.soweb.io\/en\/wp-json\/wp\/v2\/posts"}],"about":[{"href":"https:\/\/www.soweb.io\/en\/wp-json\/wp\/v2\/types\/post"}],"author":[{"embeddable":true,"href":"https:\/\/www.soweb.io\/en\/wp-json\/wp\/v2\/users\/2"}],"replies":[{"embeddable":true,"href":"https:\/\/www.soweb.io\/en\/wp-json\/wp\/v2\/comments?post=3958"}],"version-history":[{"count":6,"href":"https:\/\/www.soweb.io\/en\/wp-json\/wp\/v2\/posts\/3958\/revisions"}],"predecessor-version":[{"id":5025,"href":"https:\/\/www.soweb.io\/en\/wp-json\/wp\/v2\/posts\/3958\/revisions\/5025"}],"wp:featuredmedia":[{"embeddable":true,"href":"https:\/\/www.soweb.io\/en\/wp-json\/wp\/v2\/media\/3841"}],"wp:attachment":[{"href":"https:\/\/www.soweb.io\/en\/wp-json\/wp\/v2\/media?parent=3958"}],"wp:term":[{"taxonomy":"category","embeddable":true,"href":"https:\/\/www.soweb.io\/en\/wp-json\/wp\/v2\/categories?post=3958"},{"taxonomy":"post_tag","embeddable":true,"href":"https:\/\/www.soweb.io\/en\/wp-json\/wp\/v2\/tags?post=3958"}],"curies":[{"name":"wp","href":"https:\/\/api.w.org\/{rel}","templated":true}]}}