{"id":424,"date":"2019-12-11T10:46:24","date_gmt":"2019-12-11T09:46:24","guid":{"rendered":"https:\/\/www.soweb.io\/?p=424"},"modified":"2025-09-24T08:34:10","modified_gmt":"2025-09-24T07:34:10","slug":"calendrier-editorial-2020","status":"publish","type":"post","link":"https:\/\/www.soweb.io\/en\/calendrier-editorial-2020\/","title":{"rendered":"Calendrier \u00e9ditorial 2020"},"content":{"rendered":"<div data-elementor-type=\"wp-post\" data-elementor-id=\"424\" class=\"elementor elementor-424\" data-elementor-post-type=\"post\">\n\t\t\t\t<div class=\"elementor-element elementor-element-64557e8 e-flex e-con-boxed e-con e-parent\" data-id=\"64557e8\" data-element_type=\"container\" data-e-type=\"container\">\n\t\t\t\t\t<div class=\"e-con-inner\">\n\t\t<div class=\"elementor-element elementor-element-6c0f431 e-con-full e-flex e-con e-child\" data-id=\"6c0f431\" data-element_type=\"container\" data-e-type=\"container\">\n\t\t\t\t<div class=\"elementor-element elementor-element-72722ef elementor-widget elementor-widget-heading\" data-id=\"72722ef\" data-element_type=\"widget\" data-e-type=\"widget\" data-widget_type=\"heading.default\">\n\t\t\t\t<div class=\"elementor-widget-container\">\n\t\t\t\t\t<h2 class=\"elementor-heading-title elementor-size-default\">Calendrier \u00e9ditorial 2020<\/h2>\t\t\t\t<\/div>\n\t\t\t\t<\/div>\n\t\t\t\t<div class=\"elementor-element elementor-element-d457239 elementor-widget elementor-widget-text-editor\" data-id=\"d457239\" data-element_type=\"widget\" data-e-type=\"widget\" data-widget_type=\"text-editor.default\">\n\t\t\t\t<div class=\"elementor-widget-container\">\n\t\t\t\t\t\t\t\t\t<p><a href=\"https:\/\/www.soweb.io\/wp-content\/uploads\/sow-sow-calendrier_editorial_2020.pdf\">T\u00e9l\u00e9chargez<\/a> notre <strong>calendrier \u00e9ditorial<\/strong> et retrouvez tous les \u00e9v\u00e9nements de 2020. Votre <a href=\"https:\/\/en.wikipedia.org\/wiki\/Editorial_calendar\" target=\"_blank\" rel=\"noopener\">agenda annuel<\/a> vous offre une visibilit\u00e9 globale.<\/p><p>Le calendrier \u00e9ditorial est un outil primordial pour mener \u00e0 bien votre strat\u00e9gie de contenu. Ainsi, Il vous permet d&rsquo;anticiper et de programmer les communications qui doivent \u00eatre cr\u00e9\u00e9s et publi\u00e9s sur votre site et sur les r\u00e9seaux sociaux que vous utilis\u00e9s.<\/p><p>Cet \u00e9l\u00e9ment vous offre une vision \u00e0 moyen ou long terme. Il permet de garder une coh\u00e9rence dans votre ligne \u00e9ditoriale et atteindre plus facilement vos objectifs fix\u00e9s.<\/p><p>En r\u00e9sum\u00e9, en connaissant les dates cl\u00e9s, li\u00e9es \u00e0 votre secteur d&rsquo;activit\u00e9, nous pouvons anticiper votre communication annuelle. Votre <a href=\"http:\/\/s000.soweb.io\/community-manager\/\">Responsable en communication Sowebio<\/a> peut \u00e9galement cr\u00e9er vos campagnes publicitaires. Contactez votre <a href=\"http:\/\/s000.soweb.io\/contact\/\">conseiller Sowebio<\/a> pour mettre en place votre strat\u00e9gie de contenus.<\/p>\t\t\t\t\t\t\t\t<\/div>\n\t\t\t\t<\/div>\n\t\t\t\t<div class=\"elementor-element elementor-element-4d2c3dd elementor-widget elementor-widget-image\" data-id=\"4d2c3dd\" data-element_type=\"widget\" data-e-type=\"widget\" data-widget_type=\"image.default\">\n\t\t\t\t<div class=\"elementor-widget-container\">\n\t\t\t\t\t\t\t\t\t\t\t\t\t\t\t<img fetchpriority=\"high\" decoding=\"async\" width=\"500\" height=\"334\" src=\"https:\/\/www.soweb.io\/wp-content\/uploads\/sow-ldd-gens_discussion_ordi_tablette-500x334web-2.jpg\" class=\"attachment-large size-large wp-image-1184\" alt=\"Chef de projet Sowebio\" \/>\t\t\t\t\t\t\t\t\t\t\t\t\t\t\t<\/div>\n\t\t\t\t<\/div>\n\t\t\t\t<\/div>\n\t\t\t\t\t<\/div>\n\t\t\t\t<\/div>\n\t\t\t\t<\/div>","protected":false},"excerpt":{"rendered":"<p>Calendrier \u00e9ditorial 2020 T\u00e9l\u00e9chargez notre calendrier \u00e9ditorial et retrouvez tous les \u00e9v\u00e9nements de 2020. Votre agenda annuel vous offre une visibilit\u00e9 globale. Le calendrier \u00e9ditorial est un outil primordial pour mener \u00e0 bien votre strat\u00e9gie de contenu. Ainsi, Il vous permet d&rsquo;anticiper et de programmer les communications qui doivent \u00eatre cr\u00e9\u00e9s et publi\u00e9s sur votre [&hellip;]<\/p>","protected":false},"author":2,"featured_media":423,"comment_status":"closed","ping_status":"open","sticky":false,"template":"","format":"standard","meta":{"footnotes":""},"categories":[194],"tags":[],"class_list":["post-424","post","type-post","status-publish","format-standard","has-post-thumbnail","hentry","category-news"],"yoast_head":"<!-- This site is optimized with the Yoast SEO plugin v25.0 - https:\/\/yoast.com\/wordpress\/plugins\/seo\/ -->\n<title>Calendrier \u00e9ditorial 2020 - Sowebio Strat\u00e9gie Digitale<\/title>\n<meta name=\"description\" content=\"T\u00e9l\u00e9chargez le calendrier \u00e9ditorial Sowebio 2020 et d\u00e9couvrez tous les \u00e9v\u00e9nements de l&#039;ann\u00e9e. En connaissant les dates cl\u00e9s, anticipez votre communication.\" \/>\n<meta name=\"robots\" content=\"index, follow, max-snippet:-1, max-image-preview:large, max-video-preview:-1\" \/>\n<link rel=\"canonical\" href=\"https:\/\/www.soweb.io\/en\/calendrier-editorial-2020\/\" \/>\n<meta property=\"og:locale\" content=\"en_GB\" \/>\n<meta property=\"og:type\" content=\"article\" \/>\n<meta property=\"og:title\" content=\"Calendrier \u00e9ditorial 2020 - Sowebio Strat\u00e9gie Digitale\" \/>\n<meta property=\"og:description\" content=\"T\u00e9l\u00e9chargez le calendrier \u00e9ditorial Sowebio 2020 et d\u00e9couvrez tous les \u00e9v\u00e9nements de l&#039;ann\u00e9e. En connaissant les dates cl\u00e9s, anticipez votre communication.\" \/>\n<meta property=\"og:url\" content=\"https:\/\/www.soweb.io\/en\/calendrier-editorial-2020\/\" \/>\n<meta property=\"og:site_name\" content=\"Sowebio Strat\u00e9gie Digitale\" \/>\n<meta property=\"article:published_time\" content=\"2019-12-11T09:46:24+00:00\" \/>\n<meta property=\"article:modified_time\" content=\"2025-09-24T07:34:10+00:00\" \/>\n<meta property=\"og:image\" content=\"https:\/\/www.soweb.io\/wp-content\/uploads\/sow-sow-calendrier_editorial_2020-999x749web.jpg\" \/>\n\t<meta property=\"og:image:width\" content=\"999\" \/>\n\t<meta property=\"og:image:height\" content=\"749\" \/>\n\t<meta property=\"og:image:type\" content=\"image\/jpeg\" \/>\n<meta name=\"author\" content=\"g001\" \/>\n<meta name=\"twitter:card\" content=\"summary_large_image\" \/>\n<meta name=\"twitter:label1\" content=\"Written by\" \/>\n\t<meta name=\"twitter:data1\" content=\"g001\" \/>\n\t<meta name=\"twitter:label2\" content=\"Estimated reading time\" \/>\n\t<meta name=\"twitter:data2\" content=\"1 minute\" \/>\n<script type=\"application\/ld+json\" class=\"yoast-schema-graph\">{\"@context\":\"https:\/\/schema.org\",\"@graph\":[{\"@type\":\"Article\",\"@id\":\"https:\/\/www.soweb.io\/calendrier-editorial-2020\/#article\",\"isPartOf\":{\"@id\":\"https:\/\/www.soweb.io\/calendrier-editorial-2020\/\"},\"author\":{\"name\":\"g001\",\"@id\":\"https:\/\/www.soweb.io\/#\/schema\/person\/7a6b36a2f19a428bd5a8792373e8e076\"},\"headline\":\"Calendrier \u00e9ditorial 2020\",\"datePublished\":\"2019-12-11T09:46:24+00:00\",\"dateModified\":\"2025-09-24T07:34:10+00:00\",\"mainEntityOfPage\":{\"@id\":\"https:\/\/www.soweb.io\/calendrier-editorial-2020\/\"},\"wordCount\":146,\"publisher\":{\"@id\":\"https:\/\/www.soweb.io\/#organization\"},\"image\":{\"@id\":\"https:\/\/www.soweb.io\/calendrier-editorial-2020\/#primaryimage\"},\"thumbnailUrl\":\"https:\/\/www.soweb.io\/wp-content\/uploads\/sow-sow-calendrier_editorial_2020-999x749web.jpg\",\"articleSection\":[\"News\"],\"inLanguage\":\"en-GB\"},{\"@type\":\"WebPage\",\"@id\":\"https:\/\/www.soweb.io\/calendrier-editorial-2020\/\",\"url\":\"https:\/\/www.soweb.io\/calendrier-editorial-2020\/\",\"name\":\"Calendrier \u00e9ditorial 2020 - Sowebio Strat\u00e9gie Digitale\",\"isPartOf\":{\"@id\":\"https:\/\/www.soweb.io\/#website\"},\"primaryImageOfPage\":{\"@id\":\"https:\/\/www.soweb.io\/calendrier-editorial-2020\/#primaryimage\"},\"image\":{\"@id\":\"https:\/\/www.soweb.io\/calendrier-editorial-2020\/#primaryimage\"},\"thumbnailUrl\":\"https:\/\/www.soweb.io\/wp-content\/uploads\/sow-sow-calendrier_editorial_2020-999x749web.jpg\",\"datePublished\":\"2019-12-11T09:46:24+00:00\",\"dateModified\":\"2025-09-24T07:34:10+00:00\",\"description\":\"T\u00e9l\u00e9chargez le calendrier \u00e9ditorial Sowebio 2020 et d\u00e9couvrez tous les \u00e9v\u00e9nements de l'ann\u00e9e. En connaissant les dates cl\u00e9s, anticipez votre communication.\",\"breadcrumb\":{\"@id\":\"https:\/\/www.soweb.io\/calendrier-editorial-2020\/#breadcrumb\"},\"inLanguage\":\"en-GB\",\"potentialAction\":[{\"@type\":\"ReadAction\",\"target\":[\"https:\/\/www.soweb.io\/calendrier-editorial-2020\/\"]}]},{\"@type\":\"ImageObject\",\"inLanguage\":\"en-GB\",\"@id\":\"https:\/\/www.soweb.io\/calendrier-editorial-2020\/#primaryimage\",\"url\":\"https:\/\/www.soweb.io\/wp-content\/uploads\/sow-sow-calendrier_editorial_2020-999x749web.jpg\",\"contentUrl\":\"https:\/\/www.soweb.io\/wp-content\/uploads\/sow-sow-calendrier_editorial_2020-999x749web.jpg\",\"width\":999,\"height\":749,\"caption\":\"calendrier editorial\"},{\"@type\":\"BreadcrumbList\",\"@id\":\"https:\/\/www.soweb.io\/calendrier-editorial-2020\/#breadcrumb\",\"itemListElement\":[{\"@type\":\"ListItem\",\"position\":1,\"name\":\"Home\",\"item\":\"https:\/\/www.soweb.io\/\"},{\"@type\":\"ListItem\",\"position\":2,\"name\":\"Calendrier \u00e9ditorial 2020\"}]},{\"@type\":\"WebSite\",\"@id\":\"https:\/\/www.soweb.io\/#website\",\"url\":\"https:\/\/www.soweb.io\/\",\"name\":\"Sowebio Strat\u00e9gie Digitale\",\"description\":\"\",\"publisher\":{\"@id\":\"https:\/\/www.soweb.io\/#organization\"},\"potentialAction\":[{\"@type\":\"SearchAction\",\"target\":{\"@type\":\"EntryPoint\",\"urlTemplate\":\"https:\/\/www.soweb.io\/?s={search_term_string}\"},\"query-input\":{\"@type\":\"PropertyValueSpecification\",\"valueRequired\":true,\"valueName\":\"search_term_string\"}}],\"inLanguage\":\"en-GB\"},{\"@type\":\"Organization\",\"@id\":\"https:\/\/www.soweb.io\/#organization\",\"name\":\"Sowebio\",\"url\":\"https:\/\/www.soweb.io\/\",\"logo\":{\"@type\":\"ImageObject\",\"inLanguage\":\"en-GB\",\"@id\":\"https:\/\/www.soweb.io\/#\/schema\/logo\/image\/\",\"url\":\"https:\/\/www.soweb.io\/wp-content\/uploads\/sow-sow-logo_sowebio_transparent-240x49web.png\",\"contentUrl\":\"https:\/\/www.soweb.io\/wp-content\/uploads\/sow-sow-logo_sowebio_transparent-240x49web.png\",\"width\":240,\"height\":49,\"caption\":\"Sowebio\"},\"image\":{\"@id\":\"https:\/\/www.soweb.io\/#\/schema\/logo\/image\/\"}},{\"@type\":\"Person\",\"@id\":\"https:\/\/www.soweb.io\/#\/schema\/person\/7a6b36a2f19a428bd5a8792373e8e076\",\"name\":\"g001\",\"url\":\"https:\/\/www.soweb.io\/en\/author\/g001\/\"}]}<\/script>\n<!-- \/ Yoast SEO plugin. -->","yoast_head_json":{"title":"Calendrier \u00e9ditorial 2020 - Sowebio Strat\u00e9gie Digitale","description":"T\u00e9l\u00e9chargez le calendrier \u00e9ditorial Sowebio 2020 et d\u00e9couvrez tous les \u00e9v\u00e9nements de l'ann\u00e9e. En connaissant les dates cl\u00e9s, anticipez votre communication.","robots":{"index":"index","follow":"follow","max-snippet":"max-snippet:-1","max-image-preview":"max-image-preview:large","max-video-preview":"max-video-preview:-1"},"canonical":"https:\/\/www.soweb.io\/en\/calendrier-editorial-2020\/","og_locale":"en_GB","og_type":"article","og_title":"Calendrier \u00e9ditorial 2020 - Sowebio Strat\u00e9gie Digitale","og_description":"T\u00e9l\u00e9chargez le calendrier \u00e9ditorial Sowebio 2020 et d\u00e9couvrez tous les \u00e9v\u00e9nements de l'ann\u00e9e. En connaissant les dates cl\u00e9s, anticipez votre communication.","og_url":"https:\/\/www.soweb.io\/en\/calendrier-editorial-2020\/","og_site_name":"Sowebio Strat\u00e9gie Digitale","article_published_time":"2019-12-11T09:46:24+00:00","article_modified_time":"2025-09-24T07:34:10+00:00","og_image":[{"width":999,"height":749,"url":"https:\/\/www.soweb.io\/wp-content\/uploads\/sow-sow-calendrier_editorial_2020-999x749web.jpg","type":"image\/jpeg"}],"author":"g001","twitter_card":"summary_large_image","twitter_misc":{"Written by":"g001","Estimated reading time":"1 minute"},"schema":{"@context":"https:\/\/schema.org","@graph":[{"@type":"Article","@id":"https:\/\/www.soweb.io\/calendrier-editorial-2020\/#article","isPartOf":{"@id":"https:\/\/www.soweb.io\/calendrier-editorial-2020\/"},"author":{"name":"g001","@id":"https:\/\/www.soweb.io\/#\/schema\/person\/7a6b36a2f19a428bd5a8792373e8e076"},"headline":"Calendrier \u00e9ditorial 2020","datePublished":"2019-12-11T09:46:24+00:00","dateModified":"2025-09-24T07:34:10+00:00","mainEntityOfPage":{"@id":"https:\/\/www.soweb.io\/calendrier-editorial-2020\/"},"wordCount":146,"publisher":{"@id":"https:\/\/www.soweb.io\/#organization"},"image":{"@id":"https:\/\/www.soweb.io\/calendrier-editorial-2020\/#primaryimage"},"thumbnailUrl":"https:\/\/www.soweb.io\/wp-content\/uploads\/sow-sow-calendrier_editorial_2020-999x749web.jpg","articleSection":["News"],"inLanguage":"en-GB"},{"@type":"WebPage","@id":"https:\/\/www.soweb.io\/calendrier-editorial-2020\/","url":"https:\/\/www.soweb.io\/calendrier-editorial-2020\/","name":"Calendrier \u00e9ditorial 2020 - Sowebio Strat\u00e9gie Digitale","isPartOf":{"@id":"https:\/\/www.soweb.io\/#website"},"primaryImageOfPage":{"@id":"https:\/\/www.soweb.io\/calendrier-editorial-2020\/#primaryimage"},"image":{"@id":"https:\/\/www.soweb.io\/calendrier-editorial-2020\/#primaryimage"},"thumbnailUrl":"https:\/\/www.soweb.io\/wp-content\/uploads\/sow-sow-calendrier_editorial_2020-999x749web.jpg","datePublished":"2019-12-11T09:46:24+00:00","dateModified":"2025-09-24T07:34:10+00:00","description":"T\u00e9l\u00e9chargez le calendrier \u00e9ditorial Sowebio 2020 et d\u00e9couvrez tous les \u00e9v\u00e9nements de l'ann\u00e9e. En connaissant les dates cl\u00e9s, anticipez votre communication.","breadcrumb":{"@id":"https:\/\/www.soweb.io\/calendrier-editorial-2020\/#breadcrumb"},"inLanguage":"en-GB","potentialAction":[{"@type":"ReadAction","target":["https:\/\/www.soweb.io\/calendrier-editorial-2020\/"]}]},{"@type":"ImageObject","inLanguage":"en-GB","@id":"https:\/\/www.soweb.io\/calendrier-editorial-2020\/#primaryimage","url":"https:\/\/www.soweb.io\/wp-content\/uploads\/sow-sow-calendrier_editorial_2020-999x749web.jpg","contentUrl":"https:\/\/www.soweb.io\/wp-content\/uploads\/sow-sow-calendrier_editorial_2020-999x749web.jpg","width":999,"height":749,"caption":"calendrier editorial"},{"@type":"BreadcrumbList","@id":"https:\/\/www.soweb.io\/calendrier-editorial-2020\/#breadcrumb","itemListElement":[{"@type":"ListItem","position":1,"name":"Home","item":"https:\/\/www.soweb.io\/"},{"@type":"ListItem","position":2,"name":"Calendrier \u00e9ditorial 2020"}]},{"@type":"WebSite","@id":"https:\/\/www.soweb.io\/#website","url":"https:\/\/www.soweb.io\/","name":"Sowebio Strat\u00e9gie Digitale","description":"","publisher":{"@id":"https:\/\/www.soweb.io\/#organization"},"potentialAction":[{"@type":"SearchAction","target":{"@type":"EntryPoint","urlTemplate":"https:\/\/www.soweb.io\/?s={search_term_string}"},"query-input":{"@type":"PropertyValueSpecification","valueRequired":true,"valueName":"search_term_string"}}],"inLanguage":"en-GB"},{"@type":"Organization","@id":"https:\/\/www.soweb.io\/#organization","name":"Sowebio","url":"https:\/\/www.soweb.io\/","logo":{"@type":"ImageObject","inLanguage":"en-GB","@id":"https:\/\/www.soweb.io\/#\/schema\/logo\/image\/","url":"https:\/\/www.soweb.io\/wp-content\/uploads\/sow-sow-logo_sowebio_transparent-240x49web.png","contentUrl":"https:\/\/www.soweb.io\/wp-content\/uploads\/sow-sow-logo_sowebio_transparent-240x49web.png","width":240,"height":49,"caption":"Sowebio"},"image":{"@id":"https:\/\/www.soweb.io\/#\/schema\/logo\/image\/"}},{"@type":"Person","@id":"https:\/\/www.soweb.io\/#\/schema\/person\/7a6b36a2f19a428bd5a8792373e8e076","name":"g001","url":"https:\/\/www.soweb.io\/en\/author\/g001\/"}]}},"_links":{"self":[{"href":"https:\/\/www.soweb.io\/en\/wp-json\/wp\/v2\/posts\/424","targetHints":{"allow":["GET"]}}],"collection":[{"href":"https:\/\/www.soweb.io\/en\/wp-json\/wp\/v2\/posts"}],"about":[{"href":"https:\/\/www.soweb.io\/en\/wp-json\/wp\/v2\/types\/post"}],"author":[{"embeddable":true,"href":"https:\/\/www.soweb.io\/en\/wp-json\/wp\/v2\/users\/2"}],"replies":[{"embeddable":true,"href":"https:\/\/www.soweb.io\/en\/wp-json\/wp\/v2\/comments?post=424"}],"version-history":[{"count":5,"href":"https:\/\/www.soweb.io\/en\/wp-json\/wp\/v2\/posts\/424\/revisions"}],"predecessor-version":[{"id":9571,"href":"https:\/\/www.soweb.io\/en\/wp-json\/wp\/v2\/posts\/424\/revisions\/9571"}],"wp:featuredmedia":[{"embeddable":true,"href":"https:\/\/www.soweb.io\/en\/wp-json\/wp\/v2\/media\/423"}],"wp:attachment":[{"href":"https:\/\/www.soweb.io\/en\/wp-json\/wp\/v2\/media?parent=424"}],"wp:term":[{"taxonomy":"category","embeddable":true,"href":"https:\/\/www.soweb.io\/en\/wp-json\/wp\/v2\/categories?post=424"},{"taxonomy":"post_tag","embeddable":true,"href":"https:\/\/www.soweb.io\/en\/wp-json\/wp\/v2\/tags?post=424"}],"curies":[{"name":"wp","href":"https:\/\/api.w.org\/{rel}","templated":true}]}}